{"id":402240,"date":"2016-06-06T15:35:46","date_gmt":"2016-06-06T21:35:46","guid":{"rendered":"http:\/\/www.futboltotal.com.mx\/?p=402240"},"modified":"2016-06-06T17:58:39","modified_gmt":"2016-06-06T23:58:39","slug":"america-sale-benedetto-llega-romero","status":"publish","type":"post","link":"http:\/\/desarrollo.grupomedios.com\/futbol\/futbol-mexicano\/america-sale-benedetto-llega-romero\/2016\/06","title":{"rendered":"Sale Benedetto\u2026 llega Romero"},"content":{"rendered":"<p>En rumor arrecia\u2026 Todo indica que el argentino <strong>Silvio Romero<\/strong>, hasta ahora jugador de <em>Jaguares<\/em> de Chiapas, ser\u00e1 refuerzo de las <a href=\"http:\/\/www.futboltotal.com.mx\/equipos\/america\/\" target=\"_blank\"><em>\u00c1guilas<\/em> del <strong>Am\u00e9rica<\/strong><\/a> rumbo al Apertura 2016.<\/p>\n<p>En ese sentido, trasciende que la operaci\u00f3n entre <strong>Am\u00e9rica<\/strong> y Chiapas se ha cerrado en 7 millones de d\u00f3lares (uno menos de lo que pretend\u00edan los <em>Jaguares<\/em>) y que s\u00f3lo resta la firma del goleador para que la transacci\u00f3n se concrete.<\/p>\n<blockquote class=\"twitter-tweet\" data-lang=\"es\">\n<p dir=\"ltr\" lang=\"es\">No te quedes fuera del <a href=\"https:\/\/twitter.com\/hashtag\/SoccerCamp2016?src=hash\">#SoccerCamp2016<\/a> \u00a1Inscr\u00edbete ya y vive un verano Americanista! <a href=\"https:\/\/twitter.com\/hashtag\/SomosAm%C3%A9rica?src=hash\">#SomosAm\u00e9rica<\/a> <a href=\"https:\/\/t.co\/tguKyFuVkD\">pic.twitter.com\/tguKyFuVkD<\/a><\/p>\n<p>\u2014 Club Am\u00e9rica (@ClubAmerica) <a href=\"https:\/\/twitter.com\/ClubAmerica\/status\/739894810853658628\">6 de junio de 2016<\/a><\/p><\/blockquote>\n<p><script src=\"\/\/platform.twitter.com\/widgets.js\" async=\"\" charset=\"utf-8\"><\/script><\/p>\n<p><strong>Silvio Romero<\/strong>, quien lleg\u00f3 a la Liga MX para el Clausura 2015, ha marcado 19 goles en la Primera Divisi\u00f3n del balompi\u00e9 <em>azteca<\/em> y desde hace algunas semanas est\u00e1 ubicado en la \u00f3rbita del cuadro <em>azulcrema<\/em>.<\/p>\n<p>Por otra parte, se especula que el atacante argentino -naturalizado mexicano- <strong>Dar\u00edo Benedetto<\/strong> est\u00e1 a un paso de sellar su regreso a su pa\u00eds, luego de que Boca Juniors finalmente alcanz\u00f3 un acuerdo con la directiva del <strong><a href=\"http:\/\/www.futboltotal.com.mx\/equipos\/america\/\" target=\"_blank\">Am\u00e9rica<\/a><\/strong> para hacerse de sus servicios.<\/p>\n<p style=\"text-align: center;\"><strong><span style=\"color: #3366ff;\"><a style=\"color: #3366ff;\" href=\"http:\/\/www.futboltotal.com.mx\/2016\/06\/rifle-andrade-transferible-del-america\/\">LEER M\u00c1S: Se oscurece el futuro del Rifle Andrade<\/a><\/span><\/strong><\/p>\n<p>Entorno a <strong>Benedetto<\/strong>, se sabe que es pretendido por Santos y Cruz Azul, as\u00ed como el cuadro brasile\u00f1o del Sao Paulo.<\/p>\n","protected":false},"excerpt":{"rendered":"<p>Am\u00e9rica mueve sus piezas rumbo al Apertura 2016<\/p>\n","protected":false},"author":20,"featured_media":402243,"comment_status":"closed","ping_status":"closed","sticky":false,"template":"","format":"standard","meta":[],"categories":[2198,3845,5950],"tags":[5959,6927],"_links":{"self":[{"href":"http:\/\/desarrollo.grupomedios.com\/futbol\/wp-json\/wp\/v2\/posts\/402240"}],"collection":[{"href":"http:\/\/desarrollo.grupomedios.com\/futbol\/wp-json\/wp\/v2\/posts"}],"about":[{"href":"http:\/\/desarrollo.grupomedios.com\/futbol\/wp-json\/wp\/v2\/types\/post"}],"author":[{"embeddable":true,"href":"http:\/\/desarrollo.grupomedios.com\/futbol\/wp-json\/wp\/v2\/users\/20"}],"replies":[{"embeddable":true,"href":"http:\/\/desarrollo.grupomedios.com\/futbol\/wp-json\/wp\/v2\/comments?post=402240"}],"version-history":[{"count":0,"href":"http:\/\/desarrollo.grupomedios.com\/futbol\/wp-json\/wp\/v2\/posts\/402240\/revisions"}],"wp:featuredmedia":[{"embeddable":true,"href":"http:\/\/desarrollo.grupomedios.com\/futbol\/wp-json\/wp\/v2\/media\/402243"}],"wp:attachment":[{"href":"http:\/\/desarrollo.grupomedios.com\/futbol\/wp-json\/wp\/v2\/media?parent=402240"}],"wp:term":[{"taxonomy":"category","embeddable":true,"href":"http:\/\/desarrollo.grupomedios.com\/futbol\/wp-json\/wp\/v2\/categories?post=402240"},{"taxonomy":"post_tag","embeddable":true,"href":"http:\/\/desarrollo.grupomedios.com\/futbol\/wp-json\/wp\/v2\/tags?post=402240"}],"curies":[{"name":"wp","href":"https:\/\/api.w.org\/{rel}","templated":true}]}}