{"id":402252,"date":"2016-06-06T16:15:32","date_gmt":"2016-06-06T22:15:32","guid":{"rendered":"http:\/\/www.futboltotal.com.mx\/?p=402252"},"modified":"2016-06-07T10:45:11","modified_gmt":"2016-06-07T16:45:11","slug":"tigres-niega-salida-jurgen-damm","status":"publish","type":"post","link":"http:\/\/desarrollo.grupomedios.com\/futbol\/futbol-mexicano\/tigres-niega-salida-jurgen-damm\/2016\/06","title":{"rendered":"Tigres niega salida de J\u00fcrgen Damm"},"content":{"rendered":"<p>El ingeniero Alejandro Rodr\u00edguez, presidente deportivo de los <a href=\"http:\/\/www.futboltotal.com.mx\/equipos\/tigres\/\" target=\"_blank\"><strong>Tigres<\/strong> de la UANL<\/a>, asegur\u00f3 que <a href=\"http:\/\/www.futboltotal.com.mx\/2016\/06\/jurgen-damm-ya-jugador-del-dortmund\/\" target=\"_blank\">no han recibido alguna oferta de ning\u00fan equipo de la Bundesliga por <strong>J\u00fcrgen Damm<\/strong><\/a>, al tiempo que descart\u00f3 al salida del juvenil mexicano de cara al Apertura 2016.<\/p>\n<p>\u201cNo hemos recibido correo, llamada ni paloma mensajera. Es una treta muy clara de parte de sus representantes. Entonces tal vez para ma\u00f1ana ya hay otros tres equipos que no son alemanes\u201d, dijo el dirigente <em>felino<\/em>, quien no ocult\u00f3 su molestia por los rumores generados, seg\u00fan consider\u00f3, por los promotores.<\/p>\n<blockquote class=\"twitter-tweet\" data-lang=\"es\">\n<p dir=\"ltr\" lang=\"es\">Inicia la reunion previa al draft donde se oficializa el Campe\u00f3n de Campeones entre <a href=\"https:\/\/twitter.com\/TigresOficial\">@TigresOficial<\/a> y <a href=\"https:\/\/twitter.com\/Tuzos\">@tuzos<\/a>. <a href=\"https:\/\/t.co\/yzKXMmIl7h\">pic.twitter.com\/yzKXMmIl7h<\/a><\/p>\n<p>\u2014 CLUB TIGRES OFICIAL (@TigresOficial) <a href=\"https:\/\/twitter.com\/TigresOficial\/status\/739849766520033280\">6 de junio de 2016<\/a><\/p><\/blockquote>\n<p><script src=\"\/\/platform.twitter.com\/widgets.js\" async=\"\" charset=\"utf-8\"><\/script><\/p>\n<p>\u201cNo es negociable ning\u00fan jugador\u201d, agreg\u00f3 Alejandro Rodr\u00edguez de cara al R\u00e9gimen de Transferencias de la Liga MX, evento que se desarrollar\u00e1 el pr\u00f3ximo mi\u00e9rcoles.<\/p>\n<p>&#8220;Nosotros no estamos en el negocio de venta sino en el negocio de ganar campeonatos y obviamente cuando un jugador nuestro quiere salir se debe que acercar con la directiva&#8221;, dijo el el presidente de <strong>Tigres<\/strong> a <em>ESPN<\/em>.<\/p>\n<p style=\"text-align: center;\"><span style=\"color: #3366ff;\"><strong><a style=\"color: #3366ff;\" href=\"http:\/\/www.futboltotal.com.mx\/2016\/06\/los-peces-gordos-del-draft\/\">LEER M\u00c1S: Los peces gordos del DRAFT<\/a><\/strong><\/span><\/p>\n<p>\u201cLa cl\u00e1usula de recisi\u00f3n y la voluntad del jugador son las \u00fanicas puertas que nosotros tenemos para que salgan nuestros jugadores\u201d, dijo.<\/p>\n<p>Por otra parte, el presidente de <strong>Tigres<\/strong>, que asegur\u00f3 que buscar\u00e1 a\u00a0dos o tres jugadores en el DRAFT\u00a0de la Liga MX, tambi\u00e9n descart\u00f3 que existan negociaciones con la directiva de Chivas por Javier Aquino.<\/p>\n<p>&nbsp;<\/p>\n","protected":false},"excerpt":{"rendered":"<p>\u201cNo es negociable ning\u00fan jugador\u201d: Alejandro Rodr\u00edguez<\/p>\n","protected":false},"author":20,"featured_media":402259,"comment_status":"closed","ping_status":"closed","sticky":false,"template":"","format":"standard","meta":[],"categories":[2198,3845,5950],"tags":[1916,5973],"_links":{"self":[{"href":"http:\/\/desarrollo.grupomedios.com\/futbol\/wp-json\/wp\/v2\/posts\/402252"}],"collection":[{"href":"http:\/\/desarrollo.grupomedios.com\/futbol\/wp-json\/wp\/v2\/posts"}],"about":[{"href":"http:\/\/desarrollo.grupomedios.com\/futbol\/wp-json\/wp\/v2\/types\/post"}],"author":[{"embeddable":true,"href":"http:\/\/desarrollo.grupomedios.com\/futbol\/wp-json\/wp\/v2\/users\/20"}],"replies":[{"embeddable":true,"href":"http:\/\/desarrollo.grupomedios.com\/futbol\/wp-json\/wp\/v2\/comments?post=402252"}],"version-history":[{"count":0,"href":"http:\/\/desarrollo.grupomedios.com\/futbol\/wp-json\/wp\/v2\/posts\/402252\/revisions"}],"wp:featuredmedia":[{"embeddable":true,"href":"http:\/\/desarrollo.grupomedios.com\/futbol\/wp-json\/wp\/v2\/media\/402259"}],"wp:attachment":[{"href":"http:\/\/desarrollo.grupomedios.com\/futbol\/wp-json\/wp\/v2\/media?parent=402252"}],"wp:term":[{"taxonomy":"category","embeddable":true,"href":"http:\/\/desarrollo.grupomedios.com\/futbol\/wp-json\/wp\/v2\/categories?post=402252"},{"taxonomy":"post_tag","embeddable":true,"href":"http:\/\/desarrollo.grupomedios.com\/futbol\/wp-json\/wp\/v2\/tags?post=402252"}],"curies":[{"name":"wp","href":"https:\/\/api.w.org\/{rel}","templated":true}]}}