{"id":402254,"date":"2016-06-06T16:13:04","date_gmt":"2016-06-06T22:13:04","guid":{"rendered":"http:\/\/www.futboltotal.com.mx\/?p=402254"},"modified":"2016-06-06T16:24:36","modified_gmt":"2016-06-06T22:24:36","slug":"sera-destino-alejandro-pikolin-palacios","status":"publish","type":"post","link":"http:\/\/desarrollo.grupomedios.com\/futbol\/futbol-mexicano\/sera-destino-alejandro-pikolin-palacios\/2016\/06","title":{"rendered":"\u00bfA d\u00f3nde ir\u00e1s Pikol\u00edn?&#8230;"},"content":{"rendered":"<p>Este lunes, los\u00a0<a href=\"http:\/\/www.futboltotal.com.mx\/equipos\/unam\/\" target=\"_blank\"><strong>Pumas<\/strong> de la UNAM<\/a> sorprendieron a propios y extra\u00f1os al poner entre sus jugadores transferibles a <strong>Alejandro Palacios<\/strong>, cancerbero que tuvo un buen rendimiento en el \u00faltimo a\u00f1o con el conjunto <em>auriazul<\/em>.<\/p>\n<p>El buen rendimiento del <em>Pikol\u00edn<\/em>\u00a0hace suponer que encontrar club ser\u00e1 una tarea sencilla. Y ante la\u00a0posibilidad de que\u00a0algunos equipos estar\u00edan en b\u00fasqueda de un cancerbero en el pr\u00f3ximo DRAFT de la Liga MX, nos cuestionamos: \u00bfcu\u00e1l ser\u00e1 el destino de <strong>Alejandro Palacios<\/strong>\u00a0en el R\u00e9gimen de Transferencias?<\/p>\n<p style=\"text-align: center;\"><span style=\"color: #3366ff;\"><strong><a style=\"color: #3366ff;\" href=\"http:\/\/www.futboltotal.com.mx\/2016\/06\/sorpresiva-lista-transferibles-pumas\/\" target=\"_blank\">LEER M\u00c1S: Alejandro Palacios encabeza transferibles de Pumas<\/a><\/strong><\/span><\/p>\n<p><em>Crack<\/em>, \u00bfqu\u00e9 crees que suceda con<em> Pikol\u00edn<\/em>?<\/p>\n<p><script src=\"\/\/cdn.playbuzz.com\/widget\/feed.js\" type=\"text\/javascript\"><\/script><\/p>\n<div class=\"pb_feed\" data-embed-by=\"d43f3879-83ed-40bc-99d7-fde80605466f\" data-game=\"\/futboltotal\/cu-l-ser-el-destino-de-alejandro-palacios\" data-recommend=\"false\" data-game-info=\"false\" data-comments=\"false\"><\/div>\n","protected":false},"excerpt":{"rendered":"<p>El portero fue colocado en la lista de transferibles de Pumas<\/p>\n","protected":false},"author":20,"featured_media":402257,"comment_status":"closed","ping_status":"closed","sticky":false,"template":"","format":"standard","meta":[],"categories":[2198,3845,5950],"tags":[2835,4316,74],"_links":{"self":[{"href":"http:\/\/desarrollo.grupomedios.com\/futbol\/wp-json\/wp\/v2\/posts\/402254"}],"collection":[{"href":"http:\/\/desarrollo.grupomedios.com\/futbol\/wp-json\/wp\/v2\/posts"}],"about":[{"href":"http:\/\/desarrollo.grupomedios.com\/futbol\/wp-json\/wp\/v2\/types\/post"}],"author":[{"embeddable":true,"href":"http:\/\/desarrollo.grupomedios.com\/futbol\/wp-json\/wp\/v2\/users\/20"}],"replies":[{"embeddable":true,"href":"http:\/\/desarrollo.grupomedios.com\/futbol\/wp-json\/wp\/v2\/comments?post=402254"}],"version-history":[{"count":0,"href":"http:\/\/desarrollo.grupomedios.com\/futbol\/wp-json\/wp\/v2\/posts\/402254\/revisions"}],"wp:featuredmedia":[{"embeddable":true,"href":"http:\/\/desarrollo.grupomedios.com\/futbol\/wp-json\/wp\/v2\/media\/402257"}],"wp:attachment":[{"href":"http:\/\/desarrollo.grupomedios.com\/futbol\/wp-json\/wp\/v2\/media?parent=402254"}],"wp:term":[{"taxonomy":"category","embeddable":true,"href":"http:\/\/desarrollo.grupomedios.com\/futbol\/wp-json\/wp\/v2\/categories?post=402254"},{"taxonomy":"post_tag","embeddable":true,"href":"http:\/\/desarrollo.grupomedios.com\/futbol\/wp-json\/wp\/v2\/tags?post=402254"}],"curies":[{"name":"wp","href":"https:\/\/api.w.org\/{rel}","templated":true}]}}