{"id":402266,"date":"2016-06-06T17:40:14","date_gmt":"2016-06-06T23:40:14","guid":{"rendered":"http:\/\/www.futboltotal.com.mx\/?p=402266"},"modified":"2016-06-06T17:57:56","modified_gmt":"2016-06-06T23:57:56","slug":"benedetto-se-va-al-boca-juniors","status":"publish","type":"post","link":"http:\/\/desarrollo.grupomedios.com\/futbol\/destacado-home\/benedetto-se-va-al-boca-juniors\/2016\/06","title":{"rendered":"\u00a1Benedetto se va a Boca Juniors!"},"content":{"rendered":"<p>Una semana despu\u00e9s de haber encabezado <a href=\"http:\/\/www.futboltotal.com.mx\/2016\/05\/benedetto-encabeza-transferibles-del-america\/\">la lista de trasferibles del club Am\u00e9rica<\/a>, el delantero argentino\u00a0<strong>Dar\u00edo Benedetto\u00a0<\/strong>confirm\u00f3 que dejar\u00e1 la Liga MX para fichar con\u00a0<strong>Boca Juniors<\/strong>.<\/p>\n<p>A partir del pr\u00f3ximo torneo el <em>Pipa\u00a0<\/em>vestir\u00e1 la camiseta <em>xeneize\u00a0<\/em>y volver\u00e1 al futbol de su natal Argentina para cumplir\u00a0el sue\u00f1o de jugar en el club que siempre so\u00f1\u00f3.\u00a0<strong>Benedetto<\/strong> acab\u00f3 con la inc\u00f3gnita\u00a0este lunes\u00a0en una entrevista radiof\u00f3nica,\u00a0en la que admiti\u00f3 que en los pr\u00f3ximos d\u00edas firmar\u00e1 su nuevo contrato.<\/p>\n<p style=\"text-align: center;\"><span style=\"color: #3366ff;\"><strong><a style=\"color: #3366ff;\" href=\"http:\/\/www.futboltotal.com.mx\/2016\/05\/futbol-estufa-rumbo-al-apertura-2016\/\">LEER M\u00c1S: Altas, bajas y rumores del Apertura 2016<\/a><\/strong><\/span><\/p>\n<p>&#8220;Faltan algunas cerrar algunas cosas, pero ya es un hecho que me quedo ac\u00e1 para jugar en Boca&#8221;, declar\u00f3 Benedetto a <em>Fox Sports.\u00a0<\/em><\/p>\n<p>Aunque por ahora no se conocen los detalles de la negociaci\u00f3n, la prensa de Argentina apunta que el <em>Pipa\u00a0<\/em>llegar\u00e1 en calidad de pr\u00e9stamo y no en compra definitiva como se especul\u00f3 hace unos d\u00edas.<\/p>\n<blockquote class=\"twitter-tweet\" data-lang=\"es\">\n<p dir=\"ltr\" lang=\"es\">Nuestras \u00c1guilas se ubicar\u00e1n en el Bombo 1 para el sorteo de la <a href=\"https:\/\/twitter.com\/hashtag\/CopaCoronaMX?src=hash\">#CopaCoronaMX<\/a> Apertura 2016 \u27a1<a href=\"https:\/\/t.co\/jf4PWnK000\">https:\/\/t.co\/jf4PWnK000<\/a> <a href=\"https:\/\/t.co\/b4g6QM5NlH\">pic.twitter.com\/b4g6QM5NlH<\/a><\/p>\n<p>\u2014 Club Am\u00e9rica (@ClubAmerica) <a href=\"https:\/\/twitter.com\/ClubAmerica\/status\/739864541153091584\">6 de junio de 2016<\/a><\/p><\/blockquote>\n<p><script src=\"\/\/platform.twitter.com\/widgets.js\" async=\"\" charset=\"utf-8\"><\/script><\/p>\n<p>&#8220;Va a ser una alegr\u00eda jugar al lado de <em>Carlitos<\/em> T\u00e9vez&#8221;, expres\u00f3 <strong>Benedetto<\/strong>, quien dejar\u00e1 el futbol mexicano despu\u00e9s de un par de a\u00f1os en los que milit\u00f3 en Tijuana y Am\u00e9rica y gan\u00f3 un par de t\u00edtulos de Liga de Campeones con los <em>Azulcremas.\u00a0<\/em><\/p>\n<p><strong>Dar\u00edo Benedetto<\/strong>, quien tambi\u00e9n interesaba a Cruz Azul, ser\u00e1 la cuarta incorporaci\u00f3n del cuadro de Schelotto tras las llegadas de Fernando Zuqui, Walter Bou y el regreso de Gonzalo Castellani; todos ser\u00e1n parte del arsenal con el <strong>Boca Juniors<\/strong>\u00a0disputar\u00e1 las semifinales de la Copa Libertadores 2016.<\/p>\n","protected":false},"excerpt":{"rendered":"<p>El Pipa confiesa que volver\u00e1 a Argentina para jugar al lado de Carlos T\u00e9vez <\/p>\n","protected":false},"author":20,"featured_media":400683,"comment_status":"closed","ping_status":"closed","sticky":false,"template":"","format":"standard","meta":[],"categories":[5,2198,3845],"tags":[5959,1683,3876],"_links":{"self":[{"href":"http:\/\/desarrollo.grupomedios.com\/futbol\/wp-json\/wp\/v2\/posts\/402266"}],"collection":[{"href":"http:\/\/desarrollo.grupomedios.com\/futbol\/wp-json\/wp\/v2\/posts"}],"about":[{"href":"http:\/\/desarrollo.grupomedios.com\/futbol\/wp-json\/wp\/v2\/types\/post"}],"author":[{"embeddable":true,"href":"http:\/\/desarrollo.grupomedios.com\/futbol\/wp-json\/wp\/v2\/users\/20"}],"replies":[{"embeddable":true,"href":"http:\/\/desarrollo.grupomedios.com\/futbol\/wp-json\/wp\/v2\/comments?post=402266"}],"version-history":[{"count":0,"href":"http:\/\/desarrollo.grupomedios.com\/futbol\/wp-json\/wp\/v2\/posts\/402266\/revisions"}],"wp:featuredmedia":[{"embeddable":true,"href":"http:\/\/desarrollo.grupomedios.com\/futbol\/wp-json\/wp\/v2\/media\/400683"}],"wp:attachment":[{"href":"http:\/\/desarrollo.grupomedios.com\/futbol\/wp-json\/wp\/v2\/media?parent=402266"}],"wp:term":[{"taxonomy":"category","embeddable":true,"href":"http:\/\/desarrollo.grupomedios.com\/futbol\/wp-json\/wp\/v2\/categories?post=402266"},{"taxonomy":"post_tag","embeddable":true,"href":"http:\/\/desarrollo.grupomedios.com\/futbol\/wp-json\/wp\/v2\/tags?post=402266"}],"curies":[{"name":"wp","href":"https:\/\/api.w.org\/{rel}","templated":true}]}}