{"id":402291,"date":"2016-06-06T19:42:05","date_gmt":"2016-06-07T01:42:05","guid":{"rendered":"http:\/\/www.futboltotal.com.mx\/?p=402291"},"modified":"2016-06-07T12:13:48","modified_gmt":"2016-06-07T18:13:48","slug":"gerardo-torrado-dice-adios-a-cruz-azul","status":"publish","type":"post","link":"http:\/\/desarrollo.grupomedios.com\/futbol\/futbol-mexicano\/gerardo-torrado-dice-adios-a-cruz-azul\/2016\/06","title":{"rendered":"Gerardo Torrado dice adi\u00f3s a Cruz Azul"},"content":{"rendered":"<p>Despu\u00e9s de 11 a\u00f1os defendiendo la camiseta de <strong>Cruz Azul<\/strong>, el mediocampista<strong> Gerardo Torrado<\/strong>\u00a0pone fin a su etapa por el futbol mexicano. A partir del pr\u00f3ximo torneos, el veterano centrocampista comenzar\u00e1 &#8220;un nuevo proyecto en su familia por Estados Unidos&#8221; y todo apunta a que jugara en la MLS.<\/p>\n<p><strong>Torrado<\/strong> D\u00edez de Bonilla, de 37 a\u00f1os, anunci\u00f3 este lunes su salida de la <em>M\u00e1quina\u00a0<\/em>y confirm\u00f3 que el pr\u00f3ximo mi\u00e9rcoles dar\u00e1 una conferencia en Los \u00c1ngeles, California, para anunciar el club donde vivir\u00e1 el ocaso de su carrera.<\/p>\n<p>&#8220;Emprender\u00e9 un proyecto que me llena de ilusi\u00f3n. Me voy tranquilo sabiendo que di lo mejor el tiempo que estuve en el equipo&#8221;, public\u00f3 Torrado a trav\u00e9s de su cuenta de <em>Twitter.<\/em>\u00a0&#8220;Agradezco a la Instituci\u00f3n, a los aficionados y a mis compa\u00f1eros y siempre estar\u00e9 al pendiente del equipo como seguidor&#8221;<\/p>\n<p style=\"text-align: center;\"><span style=\"color: #3366ff;\"><strong><a style=\"color: #3366ff;\" href=\"http:\/\/www.futboltotal.com.mx\/2016\/06\/futbol-estufa-rumbo-al-apertura-2016-altas-bajas-rumores\/\">LEER M\u00c1S: Todas las altas, bajas y rumores del Clausura 2016<\/a><\/strong><\/span><\/p>\n<blockquote class=\"twitter-tweet\" data-lang=\"es\">\n<p dir=\"ltr\" lang=\"es\">Sobre mi futuro: <a href=\"https:\/\/t.co\/a2vCyu0j3r\">pic.twitter.com\/a2vCyu0j3r<\/a><\/p>\n<p>\u2014 Gerardo Torrado (@gerardotorrado6) <a href=\"https:\/\/twitter.com\/gerardotorrado6\/status\/739983752059715584\">7 de junio de 2016<\/a><\/p><\/blockquote>\n<p><script src=\"\/\/platform.twitter.com\/widgets.js\" async=\"\" charset=\"utf-8\"><\/script><\/p>\n","protected":false},"excerpt":{"rendered":"<p>El mediocampista anuncia su salida de la M\u00e1quina; apunta a la MLS<\/p>\n","protected":false},"author":20,"featured_media":402292,"comment_status":"closed","ping_status":"closed","sticky":false,"template":"","format":"standard","meta":[],"categories":[2198,3845],"tags":[5962,379],"_links":{"self":[{"href":"http:\/\/desarrollo.grupomedios.com\/futbol\/wp-json\/wp\/v2\/posts\/402291"}],"collection":[{"href":"http:\/\/desarrollo.grupomedios.com\/futbol\/wp-json\/wp\/v2\/posts"}],"about":[{"href":"http:\/\/desarrollo.grupomedios.com\/futbol\/wp-json\/wp\/v2\/types\/post"}],"author":[{"embeddable":true,"href":"http:\/\/desarrollo.grupomedios.com\/futbol\/wp-json\/wp\/v2\/users\/20"}],"replies":[{"embeddable":true,"href":"http:\/\/desarrollo.grupomedios.com\/futbol\/wp-json\/wp\/v2\/comments?post=402291"}],"version-history":[{"count":0,"href":"http:\/\/desarrollo.grupomedios.com\/futbol\/wp-json\/wp\/v2\/posts\/402291\/revisions"}],"wp:featuredmedia":[{"embeddable":true,"href":"http:\/\/desarrollo.grupomedios.com\/futbol\/wp-json\/wp\/v2\/media\/402292"}],"wp:attachment":[{"href":"http:\/\/desarrollo.grupomedios.com\/futbol\/wp-json\/wp\/v2\/media?parent=402291"}],"wp:term":[{"taxonomy":"category","embeddable":true,"href":"http:\/\/desarrollo.grupomedios.com\/futbol\/wp-json\/wp\/v2\/categories?post=402291"},{"taxonomy":"post_tag","embeddable":true,"href":"http:\/\/desarrollo.grupomedios.com\/futbol\/wp-json\/wp\/v2\/tags?post=402291"}],"curies":[{"name":"wp","href":"https:\/\/api.w.org\/{rel}","templated":true}]}}