{"id":402336,"date":"2016-06-07T08:50:37","date_gmt":"2016-06-07T14:50:37","guid":{"rendered":"http:\/\/www.futboltotal.com.mx\/?p=402336"},"modified":"2016-06-07T08:50:37","modified_gmt":"2016-06-07T14:50:37","slug":"rafa-marquez-consciente-jugara-siempre","status":"publish","type":"post","link":"http:\/\/desarrollo.grupomedios.com\/futbol\/destacado-home\/rafa-marquez-consciente-jugara-siempre\/2016\/06","title":{"rendered":"Rafa M\u00e1rquez, consciente de que no jugar\u00e1 para siempre"},"content":{"rendered":"<p>El pasado domingo ante Uruguay en la<strong> Copa Am\u00e9rica<\/strong>, el capit\u00e1n de la <a href=\"http:\/\/www.futboltotal.com.mx\/futbol-mexicano\/seleccion-mexicana\/\" target=\"_blank\">Selecci\u00f3n Mexicana<\/a>, <strong>Rafael M\u00e1rquez<\/strong>, demostr\u00f3 que cuenta con suficiente calidad para ser el l\u00edder del\u00a0<em>Tricolor\u00a0<\/em>a pesar de sus 37 a\u00f1os de edad, aunque sabe que est\u00e1 cerca de que esos momentos est\u00e1n por terminar.<\/p>\n<p><img decoding=\"async\" loading=\"lazy\" class=\"alignnone size-full wp-image-402339\" src=\"http:\/\/www.futboltotal.com.mx\/wp-content\/uploads\/2016\/06\/frase-rafael-marquez.jpg\" alt=\"frase-rafael-marquez\" srcset=\"http:\/\/desarrollo.grupomedios.com\/futbol\/wp-content\/uploads\/2016\/06\/frase-rafael-marquez.jpg 1880w, http:\/\/desarrollo.grupomedios.com\/futbol\/wp-content\/uploads\/2016\/06\/frase-rafael-marquez-300x251.jpg 300w, http:\/\/desarrollo.grupomedios.com\/futbol\/wp-content\/uploads\/2016\/06\/frase-rafael-marquez-768x644.jpg 768w, http:\/\/desarrollo.grupomedios.com\/futbol\/wp-content\/uploads\/2016\/06\/frase-rafael-marquez-1024x858.jpg 1024w\" sizes=\"(max-width: 1880px) 100vw, 1880px\" \/><\/p>\n<p>Adem\u00e1s, el central mexicano no se siente especial por lo que aporta al <em>Tricolor<\/em>, pues considera que todos aportan algo para que la Selecci\u00f3n se encuentre bien.\u00a0\u201cYo y todos intentamos poner\u00a0nuestro granito de arena y todo lo\u00a0que se pueda para hacer mejor las\u00a0cosas y tener este tipo de victorias\u201d, comenta <strong>Rafa<\/strong>.<\/p>\n<p>El jugador del Atlas tambi\u00e9n destaca lo que hace Juan Carlos Osorio y su cuerpo t\u00e9cnico para que \u00e9l pueda disputar los partidos importantes con M\u00e9xico.\u00a0\u201cMe encuentro\u00a0bastante bien, creo que\u00a0el cuerpo t\u00e9cnico sabe\u00a0c\u00f3mo cuidarme para estar\u00a0al cien por ciento y espero tener participaci\u00f3n en\u00a0todos los partidos\u201d, expresa.<\/p>\n<p>Asimismo, <strong>M\u00e1rquez<\/strong> tambi\u00e9n habl\u00f3 sobre su anotaci\u00f3n contra Uruguay, en la que tuvo un recuerdo con uno similar cuando anot\u00f3 en la inauguraci\u00f3n contra el anfitri\u00f3n en el Mundial de 2010.\u00a0\u201cFue un\u00a0gol importante en un buen momento para el equipo. Fue un gol muy\u00a0parecido al de Sud\u00e1frica\u201d.<\/p>\n<p>El capit\u00e1n de la <strong>Selecci\u00f3n Mexicana<\/strong> espera llegar lejos en esta <strong><a href=\"http:\/\/www.futboltotal.com.mx\/copa-america-2016\/\" target=\"_blank\">Copa Am\u00e9rica<\/a><\/strong>, en la que disputa su sexta edici\u00f3n y busca el t\u00edtulo junto con M\u00e9xico por primera vez.\u201cDebemos ir paso a paso con\u00a0humildad y no confiarnos para\u00a0seguir trabajando y mantener ese buen paso en\u00a0el siguiente partido\u00a0contra un equipo\u00a0como Jamaica que nos\u00a0conoce bien&#8221;, expres\u00f3.<\/p>\n","protected":false},"excerpt":{"rendered":"<p>El capit\u00e1n del Tri hablo de su paso con M\u00e9xico<\/p>\n","protected":false},"author":20,"featured_media":402340,"comment_status":"closed","ping_status":"closed","sticky":false,"template":"","format":"standard","meta":[],"categories":[6950,5,2198,6953,3847,6951],"tags":[2130,6033,5979],"_links":{"self":[{"href":"http:\/\/desarrollo.grupomedios.com\/futbol\/wp-json\/wp\/v2\/posts\/402336"}],"collection":[{"href":"http:\/\/desarrollo.grupomedios.com\/futbol\/wp-json\/wp\/v2\/posts"}],"about":[{"href":"http:\/\/desarrollo.grupomedios.com\/futbol\/wp-json\/wp\/v2\/types\/post"}],"author":[{"embeddable":true,"href":"http:\/\/desarrollo.grupomedios.com\/futbol\/wp-json\/wp\/v2\/users\/20"}],"replies":[{"embeddable":true,"href":"http:\/\/desarrollo.grupomedios.com\/futbol\/wp-json\/wp\/v2\/comments?post=402336"}],"version-history":[{"count":0,"href":"http:\/\/desarrollo.grupomedios.com\/futbol\/wp-json\/wp\/v2\/posts\/402336\/revisions"}],"wp:featuredmedia":[{"embeddable":true,"href":"http:\/\/desarrollo.grupomedios.com\/futbol\/wp-json\/wp\/v2\/media\/402340"}],"wp:attachment":[{"href":"http:\/\/desarrollo.grupomedios.com\/futbol\/wp-json\/wp\/v2\/media?parent=402336"}],"wp:term":[{"taxonomy":"category","embeddable":true,"href":"http:\/\/desarrollo.grupomedios.com\/futbol\/wp-json\/wp\/v2\/categories?post=402336"},{"taxonomy":"post_tag","embeddable":true,"href":"http:\/\/desarrollo.grupomedios.com\/futbol\/wp-json\/wp\/v2\/tags?post=402336"}],"curies":[{"name":"wp","href":"https:\/\/api.w.org\/{rel}","templated":true}]}}