{"id":402353,"date":"2016-06-07T10:07:32","date_gmt":"2016-06-07T16:07:32","guid":{"rendered":"http:\/\/www.futboltotal.com.mx\/?p=402353"},"modified":"2016-06-07T10:07:32","modified_gmt":"2016-06-07T16:07:32","slug":"zlatan-anuncio-su-nueva-marca-de-ropa","status":"publish","type":"post","link":"http:\/\/desarrollo.grupomedios.com\/futbol\/futbol-internacional\/zlatan-anuncio-su-nueva-marca-de-ropa\/2016\/06","title":{"rendered":"Zlatan Ibrahimovic enga\u00f1\u00f3 a la prensa"},"content":{"rendered":"<p>\u00a1<strong>Zlatan Ibrahimovic<\/strong> nos enga\u00f1\u00f3! El delantero sueco anunci\u00f3 que el d\u00eda de hoy dar\u00eda a conocer cu\u00e1l iba a ser su destino para la pr\u00f3xima temporada, pero esto no sucedi\u00f3 y nos dej\u00f3 a todos con las ganas.<\/p>\n<p>En el marco de la presentaci\u00f3n de su nueva marca de ropa\u00a0<em><strong>A-Z<\/strong>,\u00a0<\/em>el ex delantero del PSG volvi\u00f3 a dejar en claro que no hablar\u00e1 de su futuro hasta que se aburra.<\/p>\n<p>&#8220;Sigan haciendo historias sobre mi futuro porque me divierten y cuando me canse de ellas, les voy a decir a qu\u00e9 lugar voy&#8221;, coment\u00f3 <strong>Zlatan<\/strong>.<\/p>\n<p>A pesar de que todos estaban con la expectativa sobre su nuevo club, <em><strong>Ibra<\/strong><\/em>\u00a0se centr\u00f3 en lo que es su nueva marca de ropa, con la que ironiz\u00f3 que tambi\u00e9n se vender\u00e1 en Manchester.&#8221;Mi futuro es A-Z. Todo llegar\u00e1, en Manchester tambi\u00e9n se llevar\u00e1 A-Z&#8221;.<\/p>\n<p>&#8220;De ni\u00f1o era un sue\u00f1o para mi tener una marca de ropa. Era mi pasi\u00f3n y he encontrado al partner ideal para lanzar mi marca de ropa. El sue\u00f1o se hizo realidad. Es hora de despegar&#8221;, confes\u00f3.<\/p>\n<p><img decoding=\"async\" loading=\"lazy\" class=\"alignnone size-full wp-image-402364\" src=\"http:\/\/www.futboltotal.com.mx\/wp-content\/uploads\/2016\/06\/ZLATAN-NUEVA-MARCA-DE-ROPA.jpg\" alt=\"ZLATAN-NUEVA-MARCA-DE-ROPA\" srcset=\"http:\/\/desarrollo.grupomedios.com\/futbol\/wp-content\/uploads\/2016\/06\/ZLATAN-NUEVA-MARCA-DE-ROPA.jpg 858w, http:\/\/desarrollo.grupomedios.com\/futbol\/wp-content\/uploads\/2016\/06\/ZLATAN-NUEVA-MARCA-DE-ROPA-300x151.jpg 300w, http:\/\/desarrollo.grupomedios.com\/futbol\/wp-content\/uploads\/2016\/06\/ZLATAN-NUEVA-MARCA-DE-ROPA-768x386.jpg 768w\" sizes=\"(max-width: 858px) 100vw, 858px\" \/><\/p>\n<p>Adem\u00e1s, <strong>Ibrahimovic<\/strong> tambi\u00e9n habl\u00f3 sobre su salida del PSG, de la que no \u00a0confiesa no se arrepiente y solo regresar\u00eda como directivo en alg\u00fan futuro.<\/p>\n<p>&#8220;Desde que me fui est\u00e1 lloviendo en Par\u00eds. Llega un momento en que sabes que se ha acabado. Si hubiera querido me habr\u00eda quedado cinco a\u00f1os m\u00e1s, he tomado una decisi\u00f3n&#8221;, confes\u00f3 entre risas el delantero sueco.<\/p>\n","protected":false},"excerpt":{"rendered":"<p>Todos creyeron que anunciaba su nuevo club y&#8230;<\/p>\n","protected":false},"author":20,"featured_media":402365,"comment_status":"closed","ping_status":"closed","sticky":false,"template":"","format":"standard","meta":[],"categories":[6995,3839,5951],"tags":[2823,114,849,6059],"_links":{"self":[{"href":"http:\/\/desarrollo.grupomedios.com\/futbol\/wp-json\/wp\/v2\/posts\/402353"}],"collection":[{"href":"http:\/\/desarrollo.grupomedios.com\/futbol\/wp-json\/wp\/v2\/posts"}],"about":[{"href":"http:\/\/desarrollo.grupomedios.com\/futbol\/wp-json\/wp\/v2\/types\/post"}],"author":[{"embeddable":true,"href":"http:\/\/desarrollo.grupomedios.com\/futbol\/wp-json\/wp\/v2\/users\/20"}],"replies":[{"embeddable":true,"href":"http:\/\/desarrollo.grupomedios.com\/futbol\/wp-json\/wp\/v2\/comments?post=402353"}],"version-history":[{"count":0,"href":"http:\/\/desarrollo.grupomedios.com\/futbol\/wp-json\/wp\/v2\/posts\/402353\/revisions"}],"wp:featuredmedia":[{"embeddable":true,"href":"http:\/\/desarrollo.grupomedios.com\/futbol\/wp-json\/wp\/v2\/media\/402365"}],"wp:attachment":[{"href":"http:\/\/desarrollo.grupomedios.com\/futbol\/wp-json\/wp\/v2\/media?parent=402353"}],"wp:term":[{"taxonomy":"category","embeddable":true,"href":"http:\/\/desarrollo.grupomedios.com\/futbol\/wp-json\/wp\/v2\/categories?post=402353"},{"taxonomy":"post_tag","embeddable":true,"href":"http:\/\/desarrollo.grupomedios.com\/futbol\/wp-json\/wp\/v2\/tags?post=402353"}],"curies":[{"name":"wp","href":"https:\/\/api.w.org\/{rel}","templated":true}]}}