{"id":402374,"date":"2016-06-07T11:10:38","date_gmt":"2016-06-07T17:10:38","guid":{"rendered":"http:\/\/www.futboltotal.com.mx\/?p=402374"},"modified":"2016-06-07T16:04:21","modified_gmt":"2016-06-07T22:04:21","slug":"los-momentos-rafael-marquez-en-tri","status":"publish","type":"post","link":"http:\/\/desarrollo.grupomedios.com\/futbol\/futbol-mexicano\/los-momentos-rafael-marquez-en-tri\/2016\/06","title":{"rendered":"Los momentos de Rafael M\u00e1rquez en el TRI"},"content":{"rendered":"<p>Desde su participaci\u00f3n en la <span style=\"color: #ff0000;\"><a style=\"color: #ff0000;\" href=\"http:\/\/www.futboltotal.com.mx\/copa-america-2016\/\" target=\"_blank\">Copa Am\u00e9rica<\/a> <\/span>de Paraguay 1999, <strong>Rafael M\u00e1rquez<\/strong> se hizo de un lugar de la <span style=\"color: #ff0000;\"><a style=\"color: #ff0000;\" href=\"http:\/\/www.futboltotal.com.mx\/futbol-mexicano\/seleccion-mexicana\/\" target=\"_blank\">Selecci\u00f3n Mexicana<\/a><\/span>. Ah\u00ed su carrera despeg\u00f3 para el futbol europeo y con el <strong>TRI<\/strong>, pues se fue haciendo con el gafete de capit\u00e1n y se convirti\u00f3 en todo un l\u00edder de la defensa.<\/p>\n<p>En cada torneo que disputa con M\u00e9xico, <strong>M\u00e1rquez<\/strong> ha demostrado su car\u00e1cter y liderazgo, pues siempre sobresale dentro del conjunto mexicano y se echa al equipo al hombro para salir adelante. Incluso en 2013, la <strong>Selecci\u00f3n Mexicana<\/strong> vivi\u00f3 momentos muy malos y puso en peligro su ausencia en el Mundial, pero el regreso del capit\u00e1n los impuls\u00f3 a una nueva Copa del Mundo y el d\u00eda de hoy, sigue en una nueva <span style=\"color: #ff0000;\"><a style=\"color: #ff0000;\" href=\"http:\/\/www.futboltotal.com.mx\/copa-america-2016\/\" target=\"_blank\">Copa Am\u00e9rica<\/a><\/span>.<\/p>\n<p style=\"text-align: center;\"><span style=\"color: #3366ff;\"><a style=\"color: #3366ff;\" href=\"http:\/\/www.futboltotal.com.mx\/2016\/06\/rafa-marquez-consciente-jugara-siempre\/\" target=\"_blank\">LEER M\u00c1S: Rafa M\u00e1rquez consciente de que no jugar\u00e1 para siempre<\/a><\/span><\/p>\n<p>[video_player]https:\/\/player.vimeo.com\/external\/169720742.hd.mp4?s=739bcd18098ba69ac2dc763a975af2267f034180&amp;profile_id=174[\/video_player]<\/p>\n","protected":false},"excerpt":{"rendered":"<p>El capit\u00e1n ha aportado desde su primera aparici\u00f3n en 1999<\/p>\n","protected":false},"author":129,"featured_media":402377,"comment_status":"closed","ping_status":"closed","sticky":false,"template":"","format":"standard","meta":[],"categories":[6950,2198,6953,3847,6951,5950],"tags":[2130,6033,5979],"_links":{"self":[{"href":"http:\/\/desarrollo.grupomedios.com\/futbol\/wp-json\/wp\/v2\/posts\/402374"}],"collection":[{"href":"http:\/\/desarrollo.grupomedios.com\/futbol\/wp-json\/wp\/v2\/posts"}],"about":[{"href":"http:\/\/desarrollo.grupomedios.com\/futbol\/wp-json\/wp\/v2\/types\/post"}],"author":[{"embeddable":true,"href":"http:\/\/desarrollo.grupomedios.com\/futbol\/wp-json\/wp\/v2\/users\/129"}],"replies":[{"embeddable":true,"href":"http:\/\/desarrollo.grupomedios.com\/futbol\/wp-json\/wp\/v2\/comments?post=402374"}],"version-history":[{"count":0,"href":"http:\/\/desarrollo.grupomedios.com\/futbol\/wp-json\/wp\/v2\/posts\/402374\/revisions"}],"wp:featuredmedia":[{"embeddable":true,"href":"http:\/\/desarrollo.grupomedios.com\/futbol\/wp-json\/wp\/v2\/media\/402377"}],"wp:attachment":[{"href":"http:\/\/desarrollo.grupomedios.com\/futbol\/wp-json\/wp\/v2\/media?parent=402374"}],"wp:term":[{"taxonomy":"category","embeddable":true,"href":"http:\/\/desarrollo.grupomedios.com\/futbol\/wp-json\/wp\/v2\/categories?post=402374"},{"taxonomy":"post_tag","embeddable":true,"href":"http:\/\/desarrollo.grupomedios.com\/futbol\/wp-json\/wp\/v2\/tags?post=402374"}],"curies":[{"name":"wp","href":"https:\/\/api.w.org\/{rel}","templated":true}]}}