{"id":402438,"date":"2016-06-07T14:49:37","date_gmt":"2016-06-07T20:49:37","guid":{"rendered":"http:\/\/www.futboltotal.com.mx\/?p=402438"},"modified":"2016-06-07T16:09:17","modified_gmt":"2016-06-07T22:09:17","slug":"los-5-transferibles-cotizados","status":"publish","type":"post","link":"http:\/\/desarrollo.grupomedios.com\/futbol\/destacado-home\/los-5-transferibles-cotizados\/2016\/06","title":{"rendered":"Los 5 transferibles m\u00e1s cotizados"},"content":{"rendered":"<p>El momento m\u00e1s importante de la <strong><a href=\"http:\/\/www.futboltotal.com.mx\/futbol-mexicano\/\" target=\"_blank\">Liga MX<\/a><\/strong> se celebra en Canc\u00fan, el <strong><a href=\"http:\/\/www.futboltotal.com.mx\/2016\/06\/en-vivo-draft-liga-mx-rumbo-al-apertura-2016\/\" target=\"_blank\">Draft<\/a><\/strong> comenz\u00f3 este martes aunque suele ser raro que se haga oficial un movimiento, ya que todo se da en el segundo y \u00faltimo d\u00eda del r\u00e9gimen de transferencias, donde los jugadores buscan acomodo, sobre todo los <strong>transferibles<\/strong> de los cuales hay decenas aunque cinco destacan de todos.<\/p>\n<p><script src=\"\/\/cdn.playbuzz.com\/widget\/feed.js\" type=\"text\/javascript\"><\/script><\/p>\n<div class=\"pb_feed\" data-embed-by=\"d43f3879-83ed-40bc-99d7-fde80605466f\" data-game=\"\/futboltotal\/los-5-transferibles-m-s-cotizados\" data-recommend=\"false\" data-game-info=\"false\" data-comments=\"false\"><\/div>\n<p><span style=\"color: #ff0000;\"><strong>VIDEO<\/strong>: Los 5 mejores goles de la copa Am\u00e9rica<\/span><\/p>\n<p>[video_player]https:\/\/player.vimeo.com\/external\/169741211.sd.mp4?s=9f93c4a0e3a5229f087c54349fcf60aa077814c4&amp;profile_id=165[\/video_player]<\/p>\n","protected":false},"excerpt":{"rendered":"<p>Estos jugadores pueden ser una contrataci\u00f3n notable <\/p>\n","protected":false},"author":20,"featured_media":402440,"comment_status":"closed","ping_status":"closed","sticky":false,"template":"","format":"standard","meta":[],"categories":[5,2198,3845],"tags":[3749,64],"_links":{"self":[{"href":"http:\/\/desarrollo.grupomedios.com\/futbol\/wp-json\/wp\/v2\/posts\/402438"}],"collection":[{"href":"http:\/\/desarrollo.grupomedios.com\/futbol\/wp-json\/wp\/v2\/posts"}],"about":[{"href":"http:\/\/desarrollo.grupomedios.com\/futbol\/wp-json\/wp\/v2\/types\/post"}],"author":[{"embeddable":true,"href":"http:\/\/desarrollo.grupomedios.com\/futbol\/wp-json\/wp\/v2\/users\/20"}],"replies":[{"embeddable":true,"href":"http:\/\/desarrollo.grupomedios.com\/futbol\/wp-json\/wp\/v2\/comments?post=402438"}],"version-history":[{"count":0,"href":"http:\/\/desarrollo.grupomedios.com\/futbol\/wp-json\/wp\/v2\/posts\/402438\/revisions"}],"wp:featuredmedia":[{"embeddable":true,"href":"http:\/\/desarrollo.grupomedios.com\/futbol\/wp-json\/wp\/v2\/media\/402440"}],"wp:attachment":[{"href":"http:\/\/desarrollo.grupomedios.com\/futbol\/wp-json\/wp\/v2\/media?parent=402438"}],"wp:term":[{"taxonomy":"category","embeddable":true,"href":"http:\/\/desarrollo.grupomedios.com\/futbol\/wp-json\/wp\/v2\/categories?post=402438"},{"taxonomy":"post_tag","embeddable":true,"href":"http:\/\/desarrollo.grupomedios.com\/futbol\/wp-json\/wp\/v2\/tags?post=402438"}],"curies":[{"name":"wp","href":"https:\/\/api.w.org\/{rel}","templated":true}]}}