{"id":402474,"date":"2016-06-08T16:33:32","date_gmt":"2016-06-08T22:33:32","guid":{"rendered":"http:\/\/www.futboltotal.com.mx\/?p=402474"},"modified":"2016-06-09T17:38:44","modified_gmt":"2016-06-09T23:38:44","slug":"la-grandes-bombas-del-draft","status":"publish","type":"post","link":"http:\/\/desarrollo.grupomedios.com\/futbol\/futbol-mexicano\/la-grandes-bombas-del-draft\/2016\/06","title":{"rendered":"Las BOMBAS de otros DRAFT"},"content":{"rendered":"<p>A pesar de darse\u00a0infinidad de\u00a0transferencias en el R\u00e9gimen de Transferencias, siempre hay una que marca el DRAFT. S\u00ed, el\u00a0<strong>fichaje bomba<\/strong>. Aquel jugador que se gana dicho mote, tiene la obligaci\u00f3n (\u00bfpresi\u00f3n?) de responder las expectativas, pero m\u00e1s all\u00e1 de su desempe\u00f1o, hay algunos futbolistas que pasaron a la posteridad, por ello recordamos cinco caso.<\/p>\n<p><strong><span style=\"color: #800000;\">J\u00fcrgen Damm<\/span><\/strong> (2015) | En su momento, m\u00e1s de uno consider\u00f3 que Pachuca \u201ctim\u00f3\u201d a Tigres por vender al joven en 8 millones de d\u00f3lares, pues \u00e9ste no tuvo su mejor torneo. Sin embargo, el volante lleg\u00f3 a la UANL para consolidarse en la titularidad, misma que s\u00f3lo dej\u00f3 por lesiones y es tal su desempe\u00f1o que vuelve a apuntar al futbol europeo.<\/p>\n<p><a href=\"http:\/\/www.futboltotal.com.mx\/wp-content\/uploads\/2016\/06\/draft-liga-mx-bombas-1-1.jpg\" rel=\"attachment wp-att-402567\"><img decoding=\"async\" loading=\"lazy\" class=\"alignnone size-full wp-image-402567\" src=\"http:\/\/www.futboltotal.com.mx\/wp-content\/uploads\/2016\/06\/draft-liga-mx-bombas-1-1.jpg\" alt=\"draft-liga-mx-bombas-1\" srcset=\"http:\/\/desarrollo.grupomedios.com\/futbol\/wp-content\/uploads\/2016\/06\/draft-liga-mx-bombas-1-1.jpg 858w, http:\/\/desarrollo.grupomedios.com\/futbol\/wp-content\/uploads\/2016\/06\/draft-liga-mx-bombas-1-1-300x151.jpg 300w, http:\/\/desarrollo.grupomedios.com\/futbol\/wp-content\/uploads\/2016\/06\/draft-liga-mx-bombas-1-1-768x386.jpg 768w, http:\/\/desarrollo.grupomedios.com\/futbol\/wp-content\/uploads\/2016\/06\/draft-liga-mx-bombas-1-1-340x171.jpg 340w\" sizes=\"(max-width: 858px) 100vw, 858px\" \/><\/a><\/p>\n<p><span style=\"color: #800000;\"><strong>Oribe Peralta<\/strong><\/span> (2014) | Despu\u00e9s de pasar por numerosos clubes de la Liga MX, el <em>Cepillo<\/em> encontr\u00f3 en Santos \u00e9se olfato que lo llev\u00f3 a ser la mejor arma de la Selecci\u00f3n Mexicana, condici\u00f3n que sedujo al Am\u00e9rica que desembols\u00f3 10 millones de d\u00f3lares.<\/p>\n<p><span style=\"color: #800000;\"><strong>Christian Ben\u00edtez<\/strong><\/span> (2011) | Fiel a su estilo, las <em>\u00c1guilas<\/em> no dudaron en pagar 10 millones de billetes verdes por el ecuatoriano, inversi\u00f3n m\u00e1s que exitosa, ya que el delantero fue tricampe\u00f3n de goleo con la playera azulcrema.<\/p>\n<p><a href=\"http:\/\/www.futboltotal.com.mx\/wp-content\/uploads\/2016\/06\/draft-liga-mx-bombas-2-1.jpg\" rel=\"attachment wp-att-402568\"><img decoding=\"async\" loading=\"lazy\" class=\"alignnone size-full wp-image-402568\" src=\"http:\/\/www.futboltotal.com.mx\/wp-content\/uploads\/2016\/06\/draft-liga-mx-bombas-2-1.jpg\" alt=\"draft-liga-mx-bombas-2\" srcset=\"http:\/\/desarrollo.grupomedios.com\/futbol\/wp-content\/uploads\/2016\/06\/draft-liga-mx-bombas-2-1.jpg 858w, http:\/\/desarrollo.grupomedios.com\/futbol\/wp-content\/uploads\/2016\/06\/draft-liga-mx-bombas-2-1-300x151.jpg 300w, http:\/\/desarrollo.grupomedios.com\/futbol\/wp-content\/uploads\/2016\/06\/draft-liga-mx-bombas-2-1-768x386.jpg 768w, http:\/\/desarrollo.grupomedios.com\/futbol\/wp-content\/uploads\/2016\/06\/draft-liga-mx-bombas-2-1-340x171.jpg 340w\" sizes=\"(max-width: 858px) 100vw, 858px\" \/><\/a><\/p>\n<p><span style=\"color: #800000;\"><strong>Adolfo Bautista<\/strong><\/span> (2007) | Chiapas fue contra su historia y pag\u00f3 una millonada por el <em>Bofo<\/em>: 5 millones de d\u00f3lares, lo cual llam\u00f3 la atenci\u00f3n, porque el equipo de la Selva sol\u00eda ser quien vend\u00eda. Dos a\u00f1os despu\u00e9s, Chivas volvi\u00f3 a comprar al atacante, pero ya no como una <strong>bomba<\/strong>.<\/p>\n<p><span style=\"color: #800000;\"><strong>Salvador Caba\u00f1as<\/strong><\/span> (2006) | Am\u00e9rica consigui\u00f3 otro <strong>fichaje<\/strong> que en corto plazo rindi\u00f3 frutos, pues gracias a 5 MDD, adquiri\u00f3 al goleador hist\u00f3rico de <em>Jaguares<\/em>, pero un atentado acab\u00f3 con la carrera del <em>guaran\u00ed<\/em>.<\/p>\n<p><span style=\"color: #ff0000;\"><strong>VIDEO<\/strong>: Los 5 mejores goles de la Copa Am\u00e9rica<\/span><\/p>\n<p>[video_player]https:\/\/player.vimeo.com\/external\/169741211.sd.mp4?s=9f93c4a0e3a5229f087c54349fcf60aa077814c4&amp;profile_id=165[\/video_player]<\/p>\n","protected":false},"excerpt":{"rendered":"<p>Estos fichajes fueron los m\u00e1s sonados de su momento <\/p>\n","protected":false},"author":20,"featured_media":402566,"comment_status":"closed","ping_status":"closed","sticky":false,"template":"","format":"standard","meta":[],"categories":[2198,3845,5950],"tags":[6927,3749],"_links":{"self":[{"href":"http:\/\/desarrollo.grupomedios.com\/futbol\/wp-json\/wp\/v2\/posts\/402474"}],"collection":[{"href":"http:\/\/desarrollo.grupomedios.com\/futbol\/wp-json\/wp\/v2\/posts"}],"about":[{"href":"http:\/\/desarrollo.grupomedios.com\/futbol\/wp-json\/wp\/v2\/types\/post"}],"author":[{"embeddable":true,"href":"http:\/\/desarrollo.grupomedios.com\/futbol\/wp-json\/wp\/v2\/users\/20"}],"replies":[{"embeddable":true,"href":"http:\/\/desarrollo.grupomedios.com\/futbol\/wp-json\/wp\/v2\/comments?post=402474"}],"version-history":[{"count":0,"href":"http:\/\/desarrollo.grupomedios.com\/futbol\/wp-json\/wp\/v2\/posts\/402474\/revisions"}],"wp:featuredmedia":[{"embeddable":true,"href":"http:\/\/desarrollo.grupomedios.com\/futbol\/wp-json\/wp\/v2\/media\/402566"}],"wp:attachment":[{"href":"http:\/\/desarrollo.grupomedios.com\/futbol\/wp-json\/wp\/v2\/media?parent=402474"}],"wp:term":[{"taxonomy":"category","embeddable":true,"href":"http:\/\/desarrollo.grupomedios.com\/futbol\/wp-json\/wp\/v2\/categories?post=402474"},{"taxonomy":"post_tag","embeddable":true,"href":"http:\/\/desarrollo.grupomedios.com\/futbol\/wp-json\/wp\/v2\/tags?post=402474"}],"curies":[{"name":"wp","href":"https:\/\/api.w.org\/{rel}","templated":true}]}}