{"id":402489,"date":"2016-06-08T08:23:50","date_gmt":"2016-06-08T14:23:50","guid":{"rendered":"http:\/\/www.futboltotal.com.mx\/?p=402489"},"modified":"2016-06-08T08:36:45","modified_gmt":"2016-06-08T14:36:45","slug":"chapito-rechazo-oferta-chivas","status":"publish","type":"post","link":"http:\/\/desarrollo.grupomedios.com\/futbol\/futbol-mexicano\/chapito-rechazo-oferta-chivas\/2016\/06","title":{"rendered":"Chapito rechaz\u00f3 oferta de Chivas"},"content":{"rendered":"<p>La necesidad de <strong>Chivas<\/strong> por retocar el mediocampo y por seguir con la filosof\u00eda del club de contar solo con jugadores mexicanos hizo que la directiva <em>rojibalnca<\/em> volviera a llamar a la puerta del <b>Le\u00f3n<\/b> para tratar de negociar el traspaso del volante ofensivo\u00a0<b>Luis Montes.<\/b><\/p>\n<p style=\"text-align: center;\"><span style=\"color: #3366ff;\"><strong><a style=\"color: #3366ff;\" href=\"http:\/\/www.futboltotal.com.mx\/2016\/06\/omar-bravo-puede-salir-chivas\/\">LEER M\u00c1S: Omar Bravo se va de Chivas<\/a><\/strong><\/span><\/p>\n<p>El <i>Reba\u00f1o<\/i> fich\u00f3 la semana pasada al mediocampista Jos\u00e9 Luis V\u00e1zquez y a un d\u00eda de que arranque el R\u00e9gimen de Transferencias para el Apertura 2016 realizaron una oferta a los Esmeraldas para fichar al <i>Chapito<\/i> <b>Montes<\/b>, quien descart\u00f3 dejar al club para enrolarse con los <i>Rojiblancos<\/i> y con ello volver a jugar al lado de <i>Gallito<\/i> V\u00e1zquez y <i>Gullit<\/i> Pe\u00f1a, tal y como lo hizo con el Le\u00f3n.<\/p>\n<p>La propuesta del <i>Reba\u00f1o<\/i> inclu\u00eda una mejora salarial del 50 por ciento para el Chapito, pero qued\u00f3 descartada por el propio futbolista ante el deseo de seguir vistiendo la camiseta del club a pesar de que en el pasado torneo jug\u00f3 solo 704 minutos de 1530 posibles durante la Fase Regular.<\/p>\n","protected":false},"excerpt":{"rendered":"<p>El Reba\u00f1o intenta fichar m\u00e1s jugadores del Le\u00f3n<\/p>\n","protected":false},"author":20,"featured_media":402503,"comment_status":"closed","ping_status":"closed","sticky":false,"template":"","format":"standard","meta":[],"categories":[2198,3845,5950],"tags":[7164,70,5965],"_links":{"self":[{"href":"http:\/\/desarrollo.grupomedios.com\/futbol\/wp-json\/wp\/v2\/posts\/402489"}],"collection":[{"href":"http:\/\/desarrollo.grupomedios.com\/futbol\/wp-json\/wp\/v2\/posts"}],"about":[{"href":"http:\/\/desarrollo.grupomedios.com\/futbol\/wp-json\/wp\/v2\/types\/post"}],"author":[{"embeddable":true,"href":"http:\/\/desarrollo.grupomedios.com\/futbol\/wp-json\/wp\/v2\/users\/20"}],"replies":[{"embeddable":true,"href":"http:\/\/desarrollo.grupomedios.com\/futbol\/wp-json\/wp\/v2\/comments?post=402489"}],"version-history":[{"count":0,"href":"http:\/\/desarrollo.grupomedios.com\/futbol\/wp-json\/wp\/v2\/posts\/402489\/revisions"}],"wp:featuredmedia":[{"embeddable":true,"href":"http:\/\/desarrollo.grupomedios.com\/futbol\/wp-json\/wp\/v2\/media\/402503"}],"wp:attachment":[{"href":"http:\/\/desarrollo.grupomedios.com\/futbol\/wp-json\/wp\/v2\/media?parent=402489"}],"wp:term":[{"taxonomy":"category","embeddable":true,"href":"http:\/\/desarrollo.grupomedios.com\/futbol\/wp-json\/wp\/v2\/categories?post=402489"},{"taxonomy":"post_tag","embeddable":true,"href":"http:\/\/desarrollo.grupomedios.com\/futbol\/wp-json\/wp\/v2\/tags?post=402489"}],"curies":[{"name":"wp","href":"https:\/\/api.w.org\/{rel}","templated":true}]}}