{"id":402559,"date":"2016-06-08T16:23:00","date_gmt":"2016-06-08T22:23:00","guid":{"rendered":"http:\/\/www.futboltotal.com.mx\/?p=402559"},"modified":"2016-06-08T16:31:12","modified_gmt":"2016-06-08T22:31:12","slug":"la-conversacion-los-duenos-la-liga-mx","status":"publish","type":"post","link":"http:\/\/desarrollo.grupomedios.com\/futbol\/futbol-mexicano\/la-conversacion-los-duenos-la-liga-mx\/2016\/06","title":{"rendered":"La conversaci\u00f3n de los due\u00f1os de la Liga MX"},"content":{"rendered":"<p>Este mi\u00e9rcoles 8 de junio, se celebra el R\u00e9gimen de Transferencias de la <strong>Liga MX<\/strong>, donde hay equipos que buscan reforzarse y otros que quieren mejorar su situaci\u00f3n econ\u00f3mica, por eso simulamos la conversaci\u00f3n que podr\u00edan tener los due\u00f1os de los equipos, entorno al <strong>DRAFT<\/strong> del verano de 2016.<\/p>\n<p style=\"text-align: center;\"><span style=\"color: #3366ff;\"><strong><a style=\"color: #3366ff;\" href=\"http:\/\/www.futboltotal.com.mx\/2016\/06\/en-vivo-draft-liga-mx-rumbo-al-apertura-2016\/\" target=\"_blank\">LEER M\u00c1S: Sigue el DRAFT de la Liga MX<\/a><\/strong><\/span><\/p>\n<p><script src=\"\/\/cdn.playbuzz.com\/widget\/feed.js\" type=\"text\/javascript\"><\/script><\/p>\n<div class=\"pb_feed\" data-embed-by=\"d43f3879-83ed-40bc-99d7-fde80605466f\" data-game=\"\/futboltotal\/la-conversaci-n-de-los-due-os-de-la-liga-mx\" data-recommend=\"false\" data-game-info=\"false\" data-comments=\"false\"><\/div>\n","protected":false},"excerpt":{"rendered":"<p>As\u00ed charlan los due\u00f1os durante el DRAFT<\/p>\n","protected":false},"author":20,"featured_media":402560,"comment_status":"closed","ping_status":"closed","sticky":false,"template":"","format":"standard","meta":[],"categories":[5419,2198,7025,3845,5950],"tags":[5460,3749],"_links":{"self":[{"href":"http:\/\/desarrollo.grupomedios.com\/futbol\/wp-json\/wp\/v2\/posts\/402559"}],"collection":[{"href":"http:\/\/desarrollo.grupomedios.com\/futbol\/wp-json\/wp\/v2\/posts"}],"about":[{"href":"http:\/\/desarrollo.grupomedios.com\/futbol\/wp-json\/wp\/v2\/types\/post"}],"author":[{"embeddable":true,"href":"http:\/\/desarrollo.grupomedios.com\/futbol\/wp-json\/wp\/v2\/users\/20"}],"replies":[{"embeddable":true,"href":"http:\/\/desarrollo.grupomedios.com\/futbol\/wp-json\/wp\/v2\/comments?post=402559"}],"version-history":[{"count":0,"href":"http:\/\/desarrollo.grupomedios.com\/futbol\/wp-json\/wp\/v2\/posts\/402559\/revisions"}],"wp:featuredmedia":[{"embeddable":true,"href":"http:\/\/desarrollo.grupomedios.com\/futbol\/wp-json\/wp\/v2\/media\/402560"}],"wp:attachment":[{"href":"http:\/\/desarrollo.grupomedios.com\/futbol\/wp-json\/wp\/v2\/media?parent=402559"}],"wp:term":[{"taxonomy":"category","embeddable":true,"href":"http:\/\/desarrollo.grupomedios.com\/futbol\/wp-json\/wp\/v2\/categories?post=402559"},{"taxonomy":"post_tag","embeddable":true,"href":"http:\/\/desarrollo.grupomedios.com\/futbol\/wp-json\/wp\/v2\/tags?post=402559"}],"curies":[{"name":"wp","href":"https:\/\/api.w.org\/{rel}","templated":true}]}}