{"id":402609,"date":"2016-06-09T13:25:35","date_gmt":"2016-06-09T19:25:35","guid":{"rendered":"http:\/\/www.futboltotal.com.mx\/?p=402609"},"modified":"2016-06-09T13:32:36","modified_gmt":"2016-06-09T19:32:36","slug":"mexico-la-sensacion-la-copa-america","status":"publish","type":"post","link":"http:\/\/desarrollo.grupomedios.com\/futbol\/futbol-mexicano\/mexico-la-sensacion-la-copa-america\/2016\/06","title":{"rendered":"M\u00e9xico, la \u201csensaci\u00f3n\u201d de la Copa Am\u00e9rica"},"content":{"rendered":"<p>Contra todo pron\u00f3stico, la <strong><a href=\"http:\/\/www.futboltotal.com.mx\/futbol-mexicano\/seleccion-mexicana\/\" target=\"_blank\">Selecci\u00f3n Mexicana<\/a> <\/strong>debut\u00f3 en la <strong><a href=\"http:\/\/www.futboltotal.com.mx\/copa-america-2016\/\" target=\"_blank\">Copa Am\u00e9rica<\/a> <\/strong>con una contundente victoria frente a Uruguay, situaci\u00f3n que se coment\u00f3 en todo el continente, pero \u00bfc\u00f3mo ser\u00eda la conversaci\u00f3n de los <em>cracks<\/em> de otros combinados? En <strong>Futbol Total<\/strong> creemos que ser\u00eda algo as\u00ed.<\/p>\n<p><script src=\"\/\/cdn.playbuzz.com\/widget\/feed.js\" type=\"text\/javascript\"><\/script><\/p>\n<div class=\"pb_feed\" data-embed-by=\"d43f3879-83ed-40bc-99d7-fde80605466f\" data-game=\"\/futboltotal\/m-xico-la-sensaci-n-de-la-copa-am-rica\" data-recommend=\"false\" data-game-info=\"false\" data-comments=\"false\"><\/div>\n<p><span style=\"color: #ff0000;\"><strong>VIDEO<\/strong>: Mejores fichajes del Draft<\/span><br \/>\n[video_player]https:\/\/player.vimeo.com\/external\/170035092.sd.mp4?s=161072b0b75c18f3e0e4f625598c99f116cfae44&amp;profile_id=165[\/video_player]<\/p>\n","protected":false},"excerpt":{"rendered":"<p>\u00bfAs\u00ed se expresar\u00edan los cracks sobre el Tri?<\/p>\n","protected":false},"author":20,"featured_media":402626,"comment_status":"closed","ping_status":"closed","sticky":false,"template":"","format":"standard","meta":[],"categories":[6950,2198,6953,3847,6951,5950],"tags":[2130,5979],"_links":{"self":[{"href":"http:\/\/desarrollo.grupomedios.com\/futbol\/wp-json\/wp\/v2\/posts\/402609"}],"collection":[{"href":"http:\/\/desarrollo.grupomedios.com\/futbol\/wp-json\/wp\/v2\/posts"}],"about":[{"href":"http:\/\/desarrollo.grupomedios.com\/futbol\/wp-json\/wp\/v2\/types\/post"}],"author":[{"embeddable":true,"href":"http:\/\/desarrollo.grupomedios.com\/futbol\/wp-json\/wp\/v2\/users\/20"}],"replies":[{"embeddable":true,"href":"http:\/\/desarrollo.grupomedios.com\/futbol\/wp-json\/wp\/v2\/comments?post=402609"}],"version-history":[{"count":0,"href":"http:\/\/desarrollo.grupomedios.com\/futbol\/wp-json\/wp\/v2\/posts\/402609\/revisions"}],"wp:featuredmedia":[{"embeddable":true,"href":"http:\/\/desarrollo.grupomedios.com\/futbol\/wp-json\/wp\/v2\/media\/402626"}],"wp:attachment":[{"href":"http:\/\/desarrollo.grupomedios.com\/futbol\/wp-json\/wp\/v2\/media?parent=402609"}],"wp:term":[{"taxonomy":"category","embeddable":true,"href":"http:\/\/desarrollo.grupomedios.com\/futbol\/wp-json\/wp\/v2\/categories?post=402609"},{"taxonomy":"post_tag","embeddable":true,"href":"http:\/\/desarrollo.grupomedios.com\/futbol\/wp-json\/wp\/v2\/tags?post=402609"}],"curies":[{"name":"wp","href":"https:\/\/api.w.org\/{rel}","templated":true}]}}