{"id":402643,"date":"2016-06-09T14:58:43","date_gmt":"2016-06-09T20:58:43","guid":{"rendered":"http:\/\/www.futboltotal.com.mx\/?p=402643"},"modified":"2016-06-10T14:36:32","modified_gmt":"2016-06-10T20:36:32","slug":"en-vivo-draft-del-ascenso-mx-rumbo-al-apertura-2016","status":"publish","type":"post","link":"http:\/\/desarrollo.grupomedios.com\/futbol\/destacado-home\/en-vivo-draft-del-ascenso-mx-rumbo-al-apertura-2016\/2016\/06","title":{"rendered":"AS\u00cd SE VIVI\u00d3 | Draft del Ascenso MX"},"content":{"rendered":"<p><a class=\"twitter-timeline\" href=\"https:\/\/twitter.com\/search?q=from%3Afutboltotal\" data-widget-id=\"741013978348806144\">Tweets sobre from:futboltotal<\/a><br \/>\n<script>\/\/ <![CDATA[\n!function(d,s,id){var js,fjs=d.getElementsByTagName(s)[0],p=\/^http:\/.test(d.location)?'http':'https';if(!d.getElementById(id)){js=d.createElement(s);js.id=id;js.src=p+\":\/\/platform.twitter.com\/widgets.js\";fjs.parentNode.insertBefore(js,fjs);}}(document,\"script\",\"twitter-wjs\");\n\/\/ ]]><\/script><\/p>\n<p><a class=\"twitter-timeline\" href=\"https:\/\/twitter.com\/search?q=from%3AAscensoMX%2C%20OR%20from%3ALIGABancomerMX\" data-widget-id=\"740995039908663296\">Tweets sobre from:AscensoMX, OR from:LIGABancomerMX<\/a><br \/>\n<script>\/\/ <![CDATA[\n!function(d,s,id){var js,fjs=d.getElementsByTagName(s)[0],p=\/^http:\/.test(d.location)?'http':'https';if(!d.getElementById(id)){js=d.createElement(s);js.id=id;js.src=p+\":\/\/platform.twitter.com\/widgets.js\";fjs.parentNode.insertBefore(js,fjs);}}(document,\"script\",\"twitter-wjs\");\n\/\/ ]]><\/script><\/p>\n<p>El otro <strong>Draft<\/strong> se celebrar\u00e1 este jueves, los equipos del <strong>Ascenso MX<\/strong> se alistan para definir el plantel con el que participar\u00e1n en el <strong>Apertura 2016<\/strong>, torneo que comenzar\u00e1 con las esperanzas de conseguir la invitaci\u00f3n para disputar la Final que dar\u00e1 como resultado al nuevo club del m\u00e1ximo circuito.<\/p>\n<p>El r\u00e9gimen de transferencias de Primera Divisi\u00f3n defraud\u00f3 al carecer de movimientos, ya que tuvo casi 50 menos que en 2015, sin embargo, en la categor\u00eda de plata las escuadras suelen realizar numerosos fichajes, aunque la mayor\u00eda (casi todos) son en calidad de pr\u00e9stamo.<\/p>\n<p>Para este <strong>Draft<\/strong> del <strong>Ascenso MX<\/strong>, tambi\u00e9n se ver\u00e1n algunos futbolistas que bajen de categor\u00eda, ya que encontrar\u00e1n acomodo en este escal\u00f3n, sobre todo los que aparecieron en la lista de transferibles y no provocaron inter\u00e9s en otros conjuntos.<\/p>\n<p>Dorados deber\u00e1 rearmar su grupo, ya que se fueron elementos como Severo Meza, Daniel Garc\u00eda y Diego Mej\u00eda; plazas que deber\u00e1 cubrir para evitar flaquezas. Mientras que los de Atl\u00e9tico San Luis tendr\u00e1n que buscar acomodo, despu\u00e9s que se confirmara la desaparici\u00f3n del equipo.<\/p>\n<p>En<strong> Futbol Total<\/strong> le daremos puntual seguimiento al <strong>Draft<\/strong> del <strong>Ascenso MX<\/strong>, as\u00ed que no te pierdas ning\u00fan movimiento, crack.<\/p>\n","protected":false},"excerpt":{"rendered":"<p>Sigue todos los movimientos que se hagan en el r\u00e9gimen de transferencias <\/p>\n","protected":false},"author":20,"featured_media":402645,"comment_status":"closed","ping_status":"closed","sticky":false,"template":"","format":"standard","meta":[],"categories":[3843,5,2198],"tags":[7166,3749],"_links":{"self":[{"href":"http:\/\/desarrollo.grupomedios.com\/futbol\/wp-json\/wp\/v2\/posts\/402643"}],"collection":[{"href":"http:\/\/desarrollo.grupomedios.com\/futbol\/wp-json\/wp\/v2\/posts"}],"about":[{"href":"http:\/\/desarrollo.grupomedios.com\/futbol\/wp-json\/wp\/v2\/types\/post"}],"author":[{"embeddable":true,"href":"http:\/\/desarrollo.grupomedios.com\/futbol\/wp-json\/wp\/v2\/users\/20"}],"replies":[{"embeddable":true,"href":"http:\/\/desarrollo.grupomedios.com\/futbol\/wp-json\/wp\/v2\/comments?post=402643"}],"version-history":[{"count":0,"href":"http:\/\/desarrollo.grupomedios.com\/futbol\/wp-json\/wp\/v2\/posts\/402643\/revisions"}],"wp:featuredmedia":[{"embeddable":true,"href":"http:\/\/desarrollo.grupomedios.com\/futbol\/wp-json\/wp\/v2\/media\/402645"}],"wp:attachment":[{"href":"http:\/\/desarrollo.grupomedios.com\/futbol\/wp-json\/wp\/v2\/media?parent=402643"}],"wp:term":[{"taxonomy":"category","embeddable":true,"href":"http:\/\/desarrollo.grupomedios.com\/futbol\/wp-json\/wp\/v2\/categories?post=402643"},{"taxonomy":"post_tag","embeddable":true,"href":"http:\/\/desarrollo.grupomedios.com\/futbol\/wp-json\/wp\/v2\/tags?post=402643"}],"curies":[{"name":"wp","href":"https:\/\/api.w.org\/{rel}","templated":true}]}}