{"id":402652,"date":"2016-06-09T15:27:09","date_gmt":"2016-06-09T21:27:09","guid":{"rendered":"http:\/\/www.futboltotal.com.mx\/?p=402652"},"modified":"2016-06-09T16:12:31","modified_gmt":"2016-06-09T22:12:31","slug":"fin-angel-reyna-nuevo-equipo","status":"publish","type":"post","link":"http:\/\/desarrollo.grupomedios.com\/futbol\/destacado-home\/fin-angel-reyna-nuevo-equipo\/2016\/06","title":{"rendered":"Pleitos est\u00e1 de vuelta&#8230; \u00a1Reyna jugar\u00e1 en el ascenso!"},"content":{"rendered":"<p>En el DRAFT\u00a02016 del <strong>Ascenso MX<\/strong>, el <strong>Celaya FC<\/strong> dio la sorpresa tras consiguir la contrataci\u00f3n del delantero mexicano\u00a0<strong>\u00c1ngel Reyna<\/strong>, quien reforzar\u00e1 al club dirigido por el uruguayo Gustavo D\u00edas a partir del pr\u00f3ximo Apertura 2016. El examericanista<strong>\u00a0<\/strong>llega en calidad de\u00a0agente libre, tras haber\u00a0quedado desvinculado del <strong>Chivas\u00a0<\/strong>el pasado mes de marzo.<\/p>\n<p><strong>\u00c1ngel Reyna<\/strong>, quien\u00a0no recibi\u00f3 ninguna oportunidad con el <em>Reba\u00f1o<\/em> bajo la gesti\u00f3n del argentino Mat\u00edas Almeyda, ficha con los <em>Cajeteros\u00a0<\/em>luego de\u00a0haber tenido un pol\u00e9mico y deslucido paso por el\u00a0<em>Reba\u00f1o,<\/em> club<i>\u00a0<\/i>con el que fich\u00f3\u00a0en el Apertura 2014 y con el cual logr\u00f3 marcar solo un gol.<\/p>\n<p style=\"text-align: center;\"><span style=\"color: #3366ff;\"><strong><a style=\"color: #3366ff;\" href=\"http:\/\/www.futboltotal.com.mx\/2016\/06\/en-vivo-draft-del-ascenso-mx-rumbo-al-apertura-2016\/\">LEER M\u00c1S: Atlas, bajas y rumores del Apertura 2016<\/a><\/strong><\/span><\/p>\n<blockquote class=\"twitter-tweet\" data-lang=\"es\">\n<p dir=\"ltr\" lang=\"es\"><a href=\"https:\/\/twitter.com\/hashtag\/TransferenciasAP16?src=hash\">#TransferenciasAP16<\/a> <a href=\"https:\/\/twitter.com\/hashtag\/SemanaDelFUTMX?src=hash\">#SemanaDelFUTMX<\/a> \u00c1ngel Reyna llega a <a href=\"https:\/\/twitter.com\/TorosCelayaFC\">@TorosCelayaFC<\/a><\/p>\n<p>\u2014 ASCENSO Bancomer MX (@AscensoMX) <a href=\"https:\/\/twitter.com\/AscensoMX\/status\/741014125132681216\">9 de junio de 2016<\/a><\/p><\/blockquote>\n<p><script src=\"\/\/platform.twitter.com\/widgets.js\" async=\"\" charset=\"utf-8\"><\/script><br \/>\nEl jugador de 31 a\u00f1os de edad, fue separado del plantel de las\u00a0<strong>Chivas<\/strong>\u00a0en agosto del 2015 debido a indisciplinas en la era del entonces entrenador, Jos\u00e9 Manuel de la Torre, quien incluso lo mand\u00f3 a entrenar con el equipo filial.<\/p>\n<p><strong>Reyna<\/strong> tendr\u00e1 oportunidad de reaparecer en las canchas en el pr\u00f3ximo semestre casi un a\u00f1o despu\u00e9s de haber jugado por \u00faltima vez en Primera Divisi\u00f3n el 6 de agosto de 2015, cuando fue titular y capit\u00e1n de Chivas en la derrota 0-1 ante Mineros de Zacatecas en Copa MX.<\/p>\n","protected":false},"excerpt":{"rendered":"<p>El delantero jugar\u00e1 con los Toros del Celaya<\/p>\n","protected":false},"author":20,"featured_media":402684,"comment_status":"closed","ping_status":"closed","sticky":false,"template":"","format":"standard","meta":[],"categories":[3843,5,2198],"tags":[1659,432],"_links":{"self":[{"href":"http:\/\/desarrollo.grupomedios.com\/futbol\/wp-json\/wp\/v2\/posts\/402652"}],"collection":[{"href":"http:\/\/desarrollo.grupomedios.com\/futbol\/wp-json\/wp\/v2\/posts"}],"about":[{"href":"http:\/\/desarrollo.grupomedios.com\/futbol\/wp-json\/wp\/v2\/types\/post"}],"author":[{"embeddable":true,"href":"http:\/\/desarrollo.grupomedios.com\/futbol\/wp-json\/wp\/v2\/users\/20"}],"replies":[{"embeddable":true,"href":"http:\/\/desarrollo.grupomedios.com\/futbol\/wp-json\/wp\/v2\/comments?post=402652"}],"version-history":[{"count":0,"href":"http:\/\/desarrollo.grupomedios.com\/futbol\/wp-json\/wp\/v2\/posts\/402652\/revisions"}],"wp:featuredmedia":[{"embeddable":true,"href":"http:\/\/desarrollo.grupomedios.com\/futbol\/wp-json\/wp\/v2\/media\/402684"}],"wp:attachment":[{"href":"http:\/\/desarrollo.grupomedios.com\/futbol\/wp-json\/wp\/v2\/media?parent=402652"}],"wp:term":[{"taxonomy":"category","embeddable":true,"href":"http:\/\/desarrollo.grupomedios.com\/futbol\/wp-json\/wp\/v2\/categories?post=402652"},{"taxonomy":"post_tag","embeddable":true,"href":"http:\/\/desarrollo.grupomedios.com\/futbol\/wp-json\/wp\/v2\/tags?post=402652"}],"curies":[{"name":"wp","href":"https:\/\/api.w.org\/{rel}","templated":true}]}}