{"id":402657,"date":"2016-06-09T14:59:58","date_gmt":"2016-06-09T20:59:58","guid":{"rendered":"http:\/\/www.futboltotal.com.mx\/?p=402657"},"modified":"2016-06-09T14:59:58","modified_gmt":"2016-06-09T20:59:58","slug":"se-reforzo-peor-en-draft","status":"publish","type":"post","link":"http:\/\/desarrollo.grupomedios.com\/futbol\/futbol-mexicano\/liga-mx\/se-reforzo-peor-en-draft\/2016\/06","title":{"rendered":"\u00bfQui\u00e9n se reforz\u00f3 peor en el Draft?"},"content":{"rendered":"<p>El <strong>Draft<\/strong> veraniego de 2016 pasar\u00e1 como uno de los m\u00e1s decepcionantes, pues apenas tuvo 75 movimientos, sin embargo, hubo equipos que acapararon los reflectores, mientras que otros como <strong><a href=\"http:\/\/futboltotal.com.mx\/equipos\/unam\/\" target=\"_blank\">Pumas<\/a><\/strong>, <strong><a href=\"http:\/\/futboltotal.com.mx\/equipos\/cruz-azul\/\" target=\"_blank\">Cruz Azul<\/a><\/strong> y Toluca; brillaron por su \u201causencia\u201d.<\/p>\n<p><span style=\"color: #800000;\"><strong>Pumas<\/strong><\/span> | Los problemas econ\u00f3mico, obligaron a la UNAM a vender a sus jugadores, entre ellos Ismael Sosa que fue la \u201cbomba\u201d, pero en el tema de contrataciones se limit\u00f3 a dos, el primero fue Pablo Barrera que caus\u00f3 pol\u00e9mica por el nivel que mantiene en los \u00faltimos a\u00f1os, el otro fichaje fue Alejandro Castro, quien ya estuviera en el Pedregal pero los <em>Auriazules<\/em> se hicieron con la carta del contenci\u00f3n.<\/p>\n<p><a href=\"http:\/\/www.futboltotal.com.mx\/wp-content\/uploads\/2016\/06\/draft-liga-mx-peores-refuerzos-1.jpg\" rel=\"attachment wp-att-402665\"><img decoding=\"async\" loading=\"lazy\" class=\"alignnone size-full wp-image-402665\" src=\"http:\/\/www.futboltotal.com.mx\/wp-content\/uploads\/2016\/06\/draft-liga-mx-peores-refuerzos-1.jpg\" alt=\"draft-liga-mx-peores-refuerzos-1\" srcset=\"http:\/\/desarrollo.grupomedios.com\/futbol\/wp-content\/uploads\/2016\/06\/draft-liga-mx-peores-refuerzos-1.jpg 858w, http:\/\/desarrollo.grupomedios.com\/futbol\/wp-content\/uploads\/2016\/06\/draft-liga-mx-peores-refuerzos-1-300x151.jpg 300w, http:\/\/desarrollo.grupomedios.com\/futbol\/wp-content\/uploads\/2016\/06\/draft-liga-mx-peores-refuerzos-1-768x386.jpg 768w, http:\/\/desarrollo.grupomedios.com\/futbol\/wp-content\/uploads\/2016\/06\/draft-liga-mx-peores-refuerzos-1-340x171.jpg 340w\" sizes=\"(max-width: 858px) 100vw, 858px\" \/><\/a><\/p>\n<p><span style=\"color: #800000;\"><strong>Cruz Azul<\/strong><\/span> | Fiel a su estilo (en las \u00faltimas ediciones), la <em>M\u00e1quina<\/em> adquiri\u00f3 a jugadores puntuales, s\u00f3lo dos, Adri\u00e1n Aldrete y Jes\u00fas Garc\u00eda, lateral de Dorados; por lo que apostar\u00e1 al mercado extranjero.<\/p>\n<blockquote class=\"twitter-tweet\" data-lang=\"es\">\n<p dir=\"ltr\" lang=\"es\">Transferencia definitiva del Jugador Jes\u00fas Garc\u00eda a <a href=\"https:\/\/twitter.com\/Cruz_Azul_FC\">@Cruz_Azul_FC<\/a> \u00a1Bienvenido Propela! <a href=\"https:\/\/t.co\/6IrCyrIx9A\">pic.twitter.com\/6IrCyrIx9A<\/a><\/p>\n<p>\u2014 CRUZ AZUL FC \u00ae (@Cruz_Azul_FC) <a href=\"https:\/\/twitter.com\/Cruz_Azul_FC\/status\/740765151389995008\">9 de junio de 2016<\/a><\/p><\/blockquote>\n<p><script src=\"\/\/platform.twitter.com\/widgets.js\" async=\"\" charset=\"utf-8\"><\/script><\/p>\n<p><span style=\"color: #800000;\"><strong>Toluca<\/strong><\/span> | El \u00fanico cambio de los <em>Diablos Rojos<\/em> fue en la porter\u00eda, ya que Liborio S\u00e1nchez se fue al Chiapas, mientras que Luis Manuel Garc\u00eda dej\u00f3 al Quer\u00e9taro para enfundarse en la camiseta escarlata.<\/p>\n<p><span style=\"color: #ff0000;\"><strong>VIDEO<\/strong>: Mejores fichajes del Draft<\/span><br \/>\n[video_player]https:\/\/player.vimeo.com\/external\/170035092.sd.mp4?s=161072b0b75c18f3e0e4f625598c99f116cfae44&amp;profile_id=165[\/video_player]<\/p>\n","protected":false},"excerpt":{"rendered":"<p>Pumas, Cruz Azul y Toluca brillaron por su \u201causencia\u201d <\/p>\n","protected":false},"author":20,"featured_media":402663,"comment_status":"closed","ping_status":"closed","sticky":false,"template":"","format":"standard","meta":[],"categories":[3845,5950],"tags":[5962,3749,74],"_links":{"self":[{"href":"http:\/\/desarrollo.grupomedios.com\/futbol\/wp-json\/wp\/v2\/posts\/402657"}],"collection":[{"href":"http:\/\/desarrollo.grupomedios.com\/futbol\/wp-json\/wp\/v2\/posts"}],"about":[{"href":"http:\/\/desarrollo.grupomedios.com\/futbol\/wp-json\/wp\/v2\/types\/post"}],"author":[{"embeddable":true,"href":"http:\/\/desarrollo.grupomedios.com\/futbol\/wp-json\/wp\/v2\/users\/20"}],"replies":[{"embeddable":true,"href":"http:\/\/desarrollo.grupomedios.com\/futbol\/wp-json\/wp\/v2\/comments?post=402657"}],"version-history":[{"count":0,"href":"http:\/\/desarrollo.grupomedios.com\/futbol\/wp-json\/wp\/v2\/posts\/402657\/revisions"}],"wp:featuredmedia":[{"embeddable":true,"href":"http:\/\/desarrollo.grupomedios.com\/futbol\/wp-json\/wp\/v2\/media\/402663"}],"wp:attachment":[{"href":"http:\/\/desarrollo.grupomedios.com\/futbol\/wp-json\/wp\/v2\/media?parent=402657"}],"wp:term":[{"taxonomy":"category","embeddable":true,"href":"http:\/\/desarrollo.grupomedios.com\/futbol\/wp-json\/wp\/v2\/categories?post=402657"},{"taxonomy":"post_tag","embeddable":true,"href":"http:\/\/desarrollo.grupomedios.com\/futbol\/wp-json\/wp\/v2\/tags?post=402657"}],"curies":[{"name":"wp","href":"https:\/\/api.w.org\/{rel}","templated":true}]}}