{"id":402661,"date":"2016-06-09T15:05:16","date_gmt":"2016-06-09T21:05:16","guid":{"rendered":"http:\/\/www.futboltotal.com.mx\/?p=402661"},"modified":"2016-06-09T15:05:16","modified_gmt":"2016-06-09T21:05:16","slug":"omar-bravo-quiere-salir-chivas","status":"publish","type":"post","link":"http:\/\/desarrollo.grupomedios.com\/futbol\/futbol-mexicano\/omar-bravo-quiere-salir-chivas\/2016\/06","title":{"rendered":"Omar Bravo no quiere salir de Chivas"},"content":{"rendered":"<p>Despu\u00e9s de que Mat\u00edas Almeyda no cont\u00f3 con los servicios de <strong>Omar Bravo<\/strong> en la delantera de <em><a href=\"http:\/\/www.futboltotal.com.mx\/equipos\/guadalajara\/\" target=\"_blank\">Chivas<\/a><\/em>, el jugador fuer puesto como transferible en el <strong>DRAFT<\/strong> del futbol mexicano y su nombre son\u00f3 para equipos como <a href=\"http:\/\/www.futboltotal.com.mx\/equipos\/necaxa\/\" target=\"_blank\">Necaxa<\/a> y <a href=\"http:\/\/www.futboltotal.com.mx\/equipos\/toluca\/\" target=\"_blank\">Toluca<\/a>.<\/p>\n<p>La oferta m\u00e1s formal que recibi\u00f3 <strong>Bravo<\/strong> fue de los <em>Rayos<\/em>, pero el goleador hist\u00f3rico del <em>Reba\u00f1o Sagrado<\/em> se neg\u00f3, ya que argument\u00f3 que todav\u00eda ten\u00eda contrato con el equipo.<\/p>\n<p>El jugador nacido en los Mochis disput\u00f3 17 partidos del Clausura 2016, pero solo pudo marcar 1 gol, por lo que perdi\u00f3 la confianza del t\u00e9cnico argentino.<\/p>\n<p>Aunque se busca la salida del delantero, el Presidente de Grupo Omnlife-Chivas, Jos\u00e9 Luis Higuera, ha declarado que puede quedarse en el club por ser un \u201chist\u00f3rico\u201d.<\/p>\n<blockquote class=\"twitter-tweet\" data-lang=\"es\">\n<p dir=\"ltr\" lang=\"es\"><a href=\"https:\/\/twitter.com\/hashtag\/Chivas?src=hash\">#Chivas<\/a> | Higuera: &#8220;Bravo es un hist\u00f3rico, si quiere jugar con nosotros, jugar\u00e1&#8221;. <a href=\"https:\/\/t.co\/X4aeLq9iAp\">pic.twitter.com\/X4aeLq9iAp<\/a><\/p>\n<p>\u2014 PressPort (@PressPortmx) <a href=\"https:\/\/twitter.com\/PressPortmx\/status\/741002875665551360\">9 de junio de 2016<\/a><\/p><\/blockquote>\n<p><script src=\"\/\/platform.twitter.com\/widgets.js\" async=\"\" charset=\"utf-8\"><\/script><\/p>\n<p>Apenas en noviembre pasado las Chivas renovaron el contrato con <strong>Omar Bravo<\/strong> por dos a\u00f1os m\u00e1s, por lo que el jugador espera que se cumpla lo establecido. A\u00fan as\u00ed, Chivas busca acomodo para el delantero, ya sea en un equipo de ascenso o en la MLS, donde ser\u00eda m\u00e1s\u00a0factible acomodarlo.<\/p>\n","protected":false},"excerpt":{"rendered":"<p>El delantero podr\u00eda salir a la MLS o seguir con la instituci\u00f3n<\/p>\n","protected":false},"author":20,"featured_media":402666,"comment_status":"closed","ping_status":"closed","sticky":false,"template":"","format":"standard","meta":[],"categories":[2198,3845,5950],"tags":[70,3749,312],"_links":{"self":[{"href":"http:\/\/desarrollo.grupomedios.com\/futbol\/wp-json\/wp\/v2\/posts\/402661"}],"collection":[{"href":"http:\/\/desarrollo.grupomedios.com\/futbol\/wp-json\/wp\/v2\/posts"}],"about":[{"href":"http:\/\/desarrollo.grupomedios.com\/futbol\/wp-json\/wp\/v2\/types\/post"}],"author":[{"embeddable":true,"href":"http:\/\/desarrollo.grupomedios.com\/futbol\/wp-json\/wp\/v2\/users\/20"}],"replies":[{"embeddable":true,"href":"http:\/\/desarrollo.grupomedios.com\/futbol\/wp-json\/wp\/v2\/comments?post=402661"}],"version-history":[{"count":0,"href":"http:\/\/desarrollo.grupomedios.com\/futbol\/wp-json\/wp\/v2\/posts\/402661\/revisions"}],"wp:featuredmedia":[{"embeddable":true,"href":"http:\/\/desarrollo.grupomedios.com\/futbol\/wp-json\/wp\/v2\/media\/402666"}],"wp:attachment":[{"href":"http:\/\/desarrollo.grupomedios.com\/futbol\/wp-json\/wp\/v2\/media?parent=402661"}],"wp:term":[{"taxonomy":"category","embeddable":true,"href":"http:\/\/desarrollo.grupomedios.com\/futbol\/wp-json\/wp\/v2\/categories?post=402661"},{"taxonomy":"post_tag","embeddable":true,"href":"http:\/\/desarrollo.grupomedios.com\/futbol\/wp-json\/wp\/v2\/tags?post=402661"}],"curies":[{"name":"wp","href":"https:\/\/api.w.org\/{rel}","templated":true}]}}