{"id":402676,"date":"2016-06-09T15:15:55","date_gmt":"2016-06-09T21:15:55","guid":{"rendered":"http:\/\/www.futboltotal.com.mx\/?p=402676"},"modified":"2016-06-09T15:15:56","modified_gmt":"2016-06-09T21:15:56","slug":"juan-carlos-osorio-mesias-mexico","status":"publish","type":"post","link":"http:\/\/desarrollo.grupomedios.com\/futbol\/videos\/juan-carlos-osorio-mesias-mexico\/2016\/06","title":{"rendered":"Juan Carlos Osorio, \u00bfel mes\u00edas de M\u00e9xico?"},"content":{"rendered":"<p>Cuando se anunci\u00f3 la contrataci\u00f3n de <strong>Juan Carlos Osorio<\/strong> como t\u00e9cnico de la <strong><a href=\"http:\/\/www.futboltotal.com.mx\/futbol-mexicano\/seleccion-mexicana\/\" target=\"_blank\">Selecci\u00f3n Mexicana<\/a><\/strong>, m\u00e1s de uno cuestion\u00f3 la designaci\u00f3n ya que se trataba un timonel que &#8220;desconoc\u00eda&#8221; el balompi\u00e9 nacional, sin embargo, el colombiano mantiene marcha perfecta situaci\u00f3n que ilusiona a los seguidores del <em>Tri<\/em>.<\/p>\n<p><span style=\"color: #ff0000;\"><strong>VIDEO<\/strong>: La historia de Juan Carlos Osorio<\/span><\/p>\n<p>[video_player]https:\/\/player.vimeo.com\/external\/169922850.sd.mp4?s=b4115d15b752535dddb9df2835b19d5c36fa32a0&amp;profile_id=165[\/video_player]<\/p>\n","protected":false},"excerpt":{"rendered":"<p>El colombiano comienza a ilusionar a la afici\u00f3n del Tri <\/p>\n","protected":false},"author":20,"featured_media":402677,"comment_status":"closed","ping_status":"closed","sticky":false,"template":"","format":"standard","meta":[],"categories":[6950,2198,3847,6951,4,6960],"tags":[6196,5979],"_links":{"self":[{"href":"http:\/\/desarrollo.grupomedios.com\/futbol\/wp-json\/wp\/v2\/posts\/402676"}],"collection":[{"href":"http:\/\/desarrollo.grupomedios.com\/futbol\/wp-json\/wp\/v2\/posts"}],"about":[{"href":"http:\/\/desarrollo.grupomedios.com\/futbol\/wp-json\/wp\/v2\/types\/post"}],"author":[{"embeddable":true,"href":"http:\/\/desarrollo.grupomedios.com\/futbol\/wp-json\/wp\/v2\/users\/20"}],"replies":[{"embeddable":true,"href":"http:\/\/desarrollo.grupomedios.com\/futbol\/wp-json\/wp\/v2\/comments?post=402676"}],"version-history":[{"count":0,"href":"http:\/\/desarrollo.grupomedios.com\/futbol\/wp-json\/wp\/v2\/posts\/402676\/revisions"}],"wp:featuredmedia":[{"embeddable":true,"href":"http:\/\/desarrollo.grupomedios.com\/futbol\/wp-json\/wp\/v2\/media\/402677"}],"wp:attachment":[{"href":"http:\/\/desarrollo.grupomedios.com\/futbol\/wp-json\/wp\/v2\/media?parent=402676"}],"wp:term":[{"taxonomy":"category","embeddable":true,"href":"http:\/\/desarrollo.grupomedios.com\/futbol\/wp-json\/wp\/v2\/categories?post=402676"},{"taxonomy":"post_tag","embeddable":true,"href":"http:\/\/desarrollo.grupomedios.com\/futbol\/wp-json\/wp\/v2\/tags?post=402676"}],"curies":[{"name":"wp","href":"https:\/\/api.w.org\/{rel}","templated":true}]}}