{"id":402731,"date":"2016-06-09T17:09:46","date_gmt":"2016-06-09T23:09:46","guid":{"rendered":"http:\/\/www.futboltotal.com.mx\/?p=402731"},"modified":"2016-06-09T17:09:46","modified_gmt":"2016-06-09T23:09:46","slug":"marcelo-barovero-nuevo-portero-del-necaxa","status":"publish","type":"post","link":"http:\/\/desarrollo.grupomedios.com\/futbol\/futbol-mexicano\/marcelo-barovero-nuevo-portero-del-necaxa\/2016\/06","title":{"rendered":"Marcelo Barovero, nuevo portero del Necaxa"},"content":{"rendered":"<p>Durante el Draft de la Liga MX, los <em>Rayos<\/em> hab\u00edan tenido una participaci\u00f3n algo discreta, pero en cuanto a sus transferencias provenientes del extranjero, <strong>Necaxa<\/strong> ha estado muy activo, pues, un d\u00eda despu\u00e9s de la celebraci\u00f3n del R\u00e9gimen de Transferencias, sorprendieron con el fichaje de <strong>Marcelo Barovero<\/strong>.<\/p>\n<p>El nuevo guardi\u00e1n de los <em>Rayos<\/em> llega procedente del River Plate, equipo donde destac\u00f3, al grado de ser considerado como el mejor cancerbero de Sudam\u00e9rica, y uno de los siete mejores del planeta. Con \u00e9l, el <strong>Necaxa<\/strong> hizo una de sus mejores contrataciones de los \u00faltimos a\u00f1os.<\/p>\n<blockquote class=\"twitter-tweet\" data-lang=\"es\">\n<p dir=\"ltr\" lang=\"es\">De esas noticas que tuve que leer varias veces para creerlo! Impresionante contrataci\u00f3n! Gracias <a href=\"https:\/\/twitter.com\/ClubNecaxa\">@ClubNecaxa<\/a> \u26a1\ufe0f <a href=\"https:\/\/t.co\/YEBOSrF2if\">pic.twitter.com\/YEBOSrF2if<\/a><\/p>\n<p>\u2014 Carlos Chicken Mu\u00f1oz (@carloschicken) <a href=\"https:\/\/twitter.com\/carloschicken\/status\/740962101024280576\">9 de junio de 2016<\/a><\/p><\/blockquote>\n<p><script src=\"\/\/platform.twitter.com\/widgets.js\" async=\"\" charset=\"utf-8\"><\/script><\/p>\n<p style=\"text-align: center;\"><span style=\"color: #3366ff;\"><strong><a style=\"color: #3366ff;\" href=\"http:\/\/www.futboltotal.com.mx\/2016\/06\/se-reforzo-mejor-en-draft\/\" target=\"_blank\">LEER M\u00c1S: Qui\u00e9n se reforz\u00f3 mejor en el Draft<\/a><\/strong><\/span><\/p>\n<p>Antes de la finalizaci\u00f3n del Clausura 2016, ya se especulaba que <strong>Marcelo Barovero<\/strong> llegar\u00eda a la Liga MX, pero su aparente destino era el Veracruz, por ello la afici\u00f3n mexicana, en especial, la del <strong>Necaxa<\/strong>.<\/p>\n<p>Sin embargo, hay discrepancia entre la afici\u00f3n de los <em>Rayos<\/em>, debido a la presencia de Yosgart Guti\u00e9rrez, quien fue titular durante el torneo de liga en el Ascenso MX y tuvo un buen desempe\u00f1o; por ello unos ven el fichaje de Barovero, como un acto contra el cancerbero mexicano y otros consideran que habr\u00e1 competencia id\u00f3nea.<\/p>\n<p>Pero lo que sobresale es que si Yosgart Guti\u00e9rrez pierde la titularidad ante <strong>Marcelo Barovero<\/strong>, el portero volver\u00e1 a perder la continuidad en un equipo, tal como le sucedi\u00f3 con Cruz Azul, Atlante y Pumas.<\/p>\n<p><span style=\"color: #ff0000;\">VIDEO: Los grandes fichajes del Draft<\/span><\/p>\n<p>[video_player]https:\/\/player.vimeo.com\/external\/170035092.sd.mp4?s=161072b0b75c18f3e0e4f625598c99f116cfae44&amp;profile_id=165[\/video_player]<\/p>\n","protected":false},"excerpt":{"rendered":"<p>Yosgart Guti\u00e9rrez tendr\u00e1 competencia en el arco<\/p>\n","protected":false},"author":20,"featured_media":402732,"comment_status":"closed","ping_status":"closed","sticky":false,"template":"","format":"standard","meta":[],"categories":[2198,3845,5950],"tags":[261],"_links":{"self":[{"href":"http:\/\/desarrollo.grupomedios.com\/futbol\/wp-json\/wp\/v2\/posts\/402731"}],"collection":[{"href":"http:\/\/desarrollo.grupomedios.com\/futbol\/wp-json\/wp\/v2\/posts"}],"about":[{"href":"http:\/\/desarrollo.grupomedios.com\/futbol\/wp-json\/wp\/v2\/types\/post"}],"author":[{"embeddable":true,"href":"http:\/\/desarrollo.grupomedios.com\/futbol\/wp-json\/wp\/v2\/users\/20"}],"replies":[{"embeddable":true,"href":"http:\/\/desarrollo.grupomedios.com\/futbol\/wp-json\/wp\/v2\/comments?post=402731"}],"version-history":[{"count":0,"href":"http:\/\/desarrollo.grupomedios.com\/futbol\/wp-json\/wp\/v2\/posts\/402731\/revisions"}],"wp:featuredmedia":[{"embeddable":true,"href":"http:\/\/desarrollo.grupomedios.com\/futbol\/wp-json\/wp\/v2\/media\/402732"}],"wp:attachment":[{"href":"http:\/\/desarrollo.grupomedios.com\/futbol\/wp-json\/wp\/v2\/media?parent=402731"}],"wp:term":[{"taxonomy":"category","embeddable":true,"href":"http:\/\/desarrollo.grupomedios.com\/futbol\/wp-json\/wp\/v2\/categories?post=402731"},{"taxonomy":"post_tag","embeddable":true,"href":"http:\/\/desarrollo.grupomedios.com\/futbol\/wp-json\/wp\/v2\/tags?post=402731"}],"curies":[{"name":"wp","href":"https:\/\/api.w.org\/{rel}","templated":true}]}}