{"id":402805,"date":"2016-06-09T20:38:16","date_gmt":"2016-06-10T02:38:16","guid":{"rendered":"http:\/\/www.futboltotal.com.mx\/?p=402805"},"modified":"2016-06-09T23:21:31","modified_gmt":"2016-06-10T05:21:31","slug":"chicharito-a-gol-borgetti","status":"publish","type":"post","link":"http:\/\/desarrollo.grupomedios.com\/futbol\/videos\/chicharito-a-gol-borgetti\/2016\/06","title":{"rendered":"Chicharito, a un gol de Borgetti"},"content":{"rendered":"<p>La historia cada vez est\u00e1 m\u00e1s cerca de <strong><em>Chicharito<\/em><\/strong> <strong>Hern\u00e1ndez<\/strong>, pues gracias a la anotaci\u00f3n que le hizo a Jamaica (que es su primera en este torneo) qued\u00f3 a un gol de empatar a Jared Borgetti como m\u00e1ximo romperredes de la <strong><a href=\"http:\/\/www.futboltotal.com.mx\/futbol-mexicano\/seleccion-mexicana\/\" target=\"_blank\">Selecci\u00f3n Mexicana<\/a><\/strong>.<\/p>\n<p><iframe loading=\"lazy\" src=\"https:\/\/www.youtube.com\/embed\/ZNjcn4mpR5w\" frameborder=\"0\" allowfullscreen=\"allowfullscreen\"><\/iframe><\/p>\n<p style=\"text-align: center;\"><span style=\"color: #3366ff;\"><strong><a style=\"color: #3366ff;\" href=\"http:\/\/www.futboltotal.com.mx\/2016\/06\/mexico-iguala-la-racha-larga-sin-perder\/\" target=\"_blank\">LEER M\u00c1S: M\u00e9xico, cerca de imponer nueva marca<\/a><\/strong><\/span><\/p>\n<p>El delantero demostr\u00f3 su contundencia, porque previo a la diana, el <em>Tri<\/em> no ten\u00eda presencia real en el \u00e1rea rival, hasta que lleg\u00f3 <em>Tecatito<\/em> Corona que desde la banda izquierda mand\u00f3 un centro como con la mano, mismo que remat\u00f3 <strong>Javier Hern\u00e1ndez<\/strong> para firmar su tanto 45 con la camiseta verde.<\/p>\n<p><a href=\"http:\/\/www.futboltotal.com.mx\/wp-content\/uploads\/2016\/06\/chicharito-gol-mexico-vs-jamaica.jpg\" rel=\"attachment wp-att-402811\"><img decoding=\"async\" loading=\"lazy\" class=\"alignnone size-full wp-image-402811\" src=\"http:\/\/www.futboltotal.com.mx\/wp-content\/uploads\/2016\/06\/chicharito-gol-mexico-vs-jamaica.jpg\" alt=\"chicharito-gol-mexico-vs-jamaica\" srcset=\"http:\/\/desarrollo.grupomedios.com\/futbol\/wp-content\/uploads\/2016\/06\/chicharito-gol-mexico-vs-jamaica.jpg 640w, http:\/\/desarrollo.grupomedios.com\/futbol\/wp-content\/uploads\/2016\/06\/chicharito-gol-mexico-vs-jamaica-300x251.jpg 300w\" sizes=\"(max-width: 640px) 100vw, 640px\" \/><\/a><\/p>\n","protected":false},"excerpt":{"rendered":"<p>Javier Hern\u00e1ndez le marc\u00f3 a Jamaica <\/p>\n","protected":false},"author":20,"featured_media":402807,"comment_status":"closed","ping_status":"closed","sticky":false,"template":"","format":"standard","meta":[],"categories":[6950,5,2198,6959,3847,4],"tags":[120,5979],"_links":{"self":[{"href":"http:\/\/desarrollo.grupomedios.com\/futbol\/wp-json\/wp\/v2\/posts\/402805"}],"collection":[{"href":"http:\/\/desarrollo.grupomedios.com\/futbol\/wp-json\/wp\/v2\/posts"}],"about":[{"href":"http:\/\/desarrollo.grupomedios.com\/futbol\/wp-json\/wp\/v2\/types\/post"}],"author":[{"embeddable":true,"href":"http:\/\/desarrollo.grupomedios.com\/futbol\/wp-json\/wp\/v2\/users\/20"}],"replies":[{"embeddable":true,"href":"http:\/\/desarrollo.grupomedios.com\/futbol\/wp-json\/wp\/v2\/comments?post=402805"}],"version-history":[{"count":0,"href":"http:\/\/desarrollo.grupomedios.com\/futbol\/wp-json\/wp\/v2\/posts\/402805\/revisions"}],"wp:featuredmedia":[{"embeddable":true,"href":"http:\/\/desarrollo.grupomedios.com\/futbol\/wp-json\/wp\/v2\/media\/402807"}],"wp:attachment":[{"href":"http:\/\/desarrollo.grupomedios.com\/futbol\/wp-json\/wp\/v2\/media?parent=402805"}],"wp:term":[{"taxonomy":"category","embeddable":true,"href":"http:\/\/desarrollo.grupomedios.com\/futbol\/wp-json\/wp\/v2\/categories?post=402805"},{"taxonomy":"post_tag","embeddable":true,"href":"http:\/\/desarrollo.grupomedios.com\/futbol\/wp-json\/wp\/v2\/tags?post=402805"}],"curies":[{"name":"wp","href":"https:\/\/api.w.org\/{rel}","templated":true}]}}