{"id":402868,"date":"2016-06-10T06:21:37","date_gmt":"2016-06-10T12:21:37","guid":{"rendered":"http:\/\/www.futboltotal.com.mx\/?p=402868"},"modified":"2016-06-10T07:48:57","modified_gmt":"2016-06-10T13:48:57","slug":"la-magia-del-leicester-city-jugara-en-la-eurocopa-francia-2016","status":"publish","type":"post","link":"http:\/\/desarrollo.grupomedios.com\/futbol\/destacado-home\/la-magia-del-leicester-city-jugara-en-la-eurocopa-francia-2016\/2016\/06","title":{"rendered":"La magia del Leicester jugar\u00e1 en la Euro"},"content":{"rendered":"<p>El <strong>Leicester City<\/strong> caus\u00f3 sensaci\u00f3n en la temporada 2015-16, tras superar en la Liga Premier a los equipos grandes y acaudalados, con lo que le dio una esperanza al mundo del futbol, al demostrar que a\u00fan en estos tiempos modernos, un club modesto puede alcanzar la gloria.<\/p>\n<p>Cada jugador del <strong>Leicester City<\/strong> le aport\u00f3 una parte valiosa al equipo, adem\u00e1s de sobresalir a tal grado, que tambi\u00e9n se ganaron su llamado a sus respectivas selecciones, como es el caso de los siguientes futbolistas, que junto con su combinado nacional, calificaron y participar\u00e1n, en la <strong>Eurocopa 2016<\/strong>.<\/p>\n<p><strong>Christian Fuchs | Austria<\/strong> | El lateral izquierdo del Leicester City tuvo una temporada sobresaliente, al jugar 34 partidos con los <em>Zorros<\/em> y convertir cinco anotaciones, por eso fue considerado entre los mejores jugadores de su posici\u00f3n. Con su selecci\u00f3n, lleva 10 a\u00f1os de experiencia y est\u00e1 ser\u00e1 su segunda Eurocopa.<\/p>\n<p><a href=\"http:\/\/www.futboltotal.com.mx\/wp-content\/uploads\/2016\/06\/leicester-euro-fuchs.jpg\" rel=\"attachment wp-att-402874\"><img decoding=\"async\" loading=\"lazy\" class=\"alignnone size-full wp-image-402874\" src=\"http:\/\/www.futboltotal.com.mx\/wp-content\/uploads\/2016\/06\/leicester-euro-fuchs.jpg\" alt=\"leicester-euro-fuchs\" srcset=\"http:\/\/desarrollo.grupomedios.com\/futbol\/wp-content\/uploads\/2016\/06\/leicester-euro-fuchs.jpg 858w, http:\/\/desarrollo.grupomedios.com\/futbol\/wp-content\/uploads\/2016\/06\/leicester-euro-fuchs-300x151.jpg 300w, http:\/\/desarrollo.grupomedios.com\/futbol\/wp-content\/uploads\/2016\/06\/leicester-euro-fuchs-768x386.jpg 768w, http:\/\/desarrollo.grupomedios.com\/futbol\/wp-content\/uploads\/2016\/06\/leicester-euro-fuchs-340x171.jpg 340w\" sizes=\"(max-width: 858px) 100vw, 858px\" \/><\/a><\/p>\n<p><strong>N&#8217;Golo Kant\u00e9 | Francia<\/strong> | Jug\u00f3 40 partidos con los <em>Zorros<\/em> en diferentes competiciones, inclusive logr\u00f3 hacer una anotaci\u00f3n. Como seleccionado, debut\u00f3 apenas en marzo de 2016 y a sus 25 a\u00f1os, participar\u00e1 en su primera Eurocopa.<\/p>\n<p><a href=\"http:\/\/www.futboltotal.com.mx\/wp-content\/uploads\/2016\/06\/leicester-euro-kante.jpg\" rel=\"attachment wp-att-402873\"><img decoding=\"async\" loading=\"lazy\" class=\"alignnone size-full wp-image-402873\" src=\"http:\/\/www.futboltotal.com.mx\/wp-content\/uploads\/2016\/06\/leicester-euro-kante.jpg\" alt=\"leicester-euro-kante\" srcset=\"http:\/\/desarrollo.grupomedios.com\/futbol\/wp-content\/uploads\/2016\/06\/leicester-euro-kante.jpg 858w, http:\/\/desarrollo.grupomedios.com\/futbol\/wp-content\/uploads\/2016\/06\/leicester-euro-kante-300x151.jpg 300w, http:\/\/desarrollo.grupomedios.com\/futbol\/wp-content\/uploads\/2016\/06\/leicester-euro-kante-768x386.jpg 768w, http:\/\/desarrollo.grupomedios.com\/futbol\/wp-content\/uploads\/2016\/06\/leicester-euro-kante-340x171.jpg 340w\" sizes=\"(max-width: 858px) 100vw, 858px\" \/><\/a><\/p>\n<p><strong>Andy King | Gales<\/strong> | El volante lleva 9 a\u00f1os defendiendo la casaca del Leicester City, pero su reciente protagonismo en la Liga Premier, lo llev\u00f3 a pertenecer a una de las mejores generaciones de su selecci\u00f3n, que buscar\u00e1 hacer historia en la Eurocopa de Francia 2016. Hizo tres goles con su club en el \u00faltimo a\u00f1o, de los 57 totales que ha hecho con la camiseta de los <em>Zorros<\/em>.<\/p>\n<p><a href=\"http:\/\/www.futboltotal.com.mx\/wp-content\/uploads\/2016\/06\/leicester-euro-king.jpg\" rel=\"attachment wp-att-402872\"><img decoding=\"async\" loading=\"lazy\" class=\"alignnone size-full wp-image-402872\" src=\"http:\/\/www.futboltotal.com.mx\/wp-content\/uploads\/2016\/06\/leicester-euro-king.jpg\" alt=\"leicester-euro-king\" srcset=\"http:\/\/desarrollo.grupomedios.com\/futbol\/wp-content\/uploads\/2016\/06\/leicester-euro-king.jpg 858w, http:\/\/desarrollo.grupomedios.com\/futbol\/wp-content\/uploads\/2016\/06\/leicester-euro-king-300x151.jpg 300w, http:\/\/desarrollo.grupomedios.com\/futbol\/wp-content\/uploads\/2016\/06\/leicester-euro-king-768x386.jpg 768w, http:\/\/desarrollo.grupomedios.com\/futbol\/wp-content\/uploads\/2016\/06\/leicester-euro-king-340x171.jpg 340w\" sizes=\"(max-width: 858px) 100vw, 858px\" \/><\/a><\/p>\n<p><strong>Jamie Vardy | Inlaterra<\/strong> | Fue el delantero sensaci\u00f3n del \u00faltimo a\u00f1o, que se gan\u00f3 su lugar en la selecci\u00f3n inglesa, y aunque ya no jugar\u00e1 con el Leicester City en la siguiente temporada, el modesto club no olvidar\u00e1 los 49 tantos que hizo con el equipo, en los cuatro a\u00f1os que defendi\u00f3 sus colores.<\/p>\n<p><a href=\"http:\/\/www.futboltotal.com.mx\/wp-content\/uploads\/2016\/06\/leicester-euro-jamie-vardy.jpg\" rel=\"attachment wp-att-402871\"><img decoding=\"async\" loading=\"lazy\" class=\"alignnone size-full wp-image-402871\" src=\"http:\/\/www.futboltotal.com.mx\/wp-content\/uploads\/2016\/06\/leicester-euro-jamie-vardy.jpg\" alt=\"leicester-euro-jamie-vardy\" srcset=\"http:\/\/desarrollo.grupomedios.com\/futbol\/wp-content\/uploads\/2016\/06\/leicester-euro-jamie-vardy.jpg 858w, http:\/\/desarrollo.grupomedios.com\/futbol\/wp-content\/uploads\/2016\/06\/leicester-euro-jamie-vardy-300x151.jpg 300w, http:\/\/desarrollo.grupomedios.com\/futbol\/wp-content\/uploads\/2016\/06\/leicester-euro-jamie-vardy-768x386.jpg 768w, http:\/\/desarrollo.grupomedios.com\/futbol\/wp-content\/uploads\/2016\/06\/leicester-euro-jamie-vardy-340x171.jpg 340w\" sizes=\"(max-width: 858px) 100vw, 858px\" \/><\/a><\/p>\n<p><span style=\"color: #ff0000;\">El representante de Leicester en Am\u00e9rica<\/span><\/p>\n<p><strong>Wes Morgan | Jamaica<\/strong> | Mientras cuatro fant\u00e1sticos del Leicester City jugar\u00e1n la Eurocopa 2016, el quinto elemento y capit\u00e1n del club ingl\u00e9s, tambi\u00e9n representar\u00e1 al equipo en un torneo internacional, de forma simult\u00e1nea a sus compa\u00f1eros. Se trata del l\u00edder de la zaga de Jamaica, que actualmente participa en la Copa Am\u00e9rica, donde s\u00f3lo le alcanzar\u00e1 para jugar los tres encuentros de la fase de grupos con su combinado.<\/p>\n<p><a href=\"http:\/\/www.futboltotal.com.mx\/wp-content\/uploads\/2016\/06\/leicester-america-morgan.jpg\" rel=\"attachment wp-att-402870\"><img decoding=\"async\" loading=\"lazy\" class=\"alignnone size-full wp-image-402870\" src=\"http:\/\/www.futboltotal.com.mx\/wp-content\/uploads\/2016\/06\/leicester-america-morgan.jpg\" alt=\"leicester-america-morgan\" srcset=\"http:\/\/desarrollo.grupomedios.com\/futbol\/wp-content\/uploads\/2016\/06\/leicester-america-morgan.jpg 858w, http:\/\/desarrollo.grupomedios.com\/futbol\/wp-content\/uploads\/2016\/06\/leicester-america-morgan-300x151.jpg 300w, http:\/\/desarrollo.grupomedios.com\/futbol\/wp-content\/uploads\/2016\/06\/leicester-america-morgan-768x386.jpg 768w, http:\/\/desarrollo.grupomedios.com\/futbol\/wp-content\/uploads\/2016\/06\/leicester-america-morgan-340x171.jpg 340w\" sizes=\"(max-width: 858px) 100vw, 858px\" \/><\/a><\/p>\n","protected":false},"excerpt":{"rendered":"<p>Cuatro selecciones contar\u00e1n con jugadores del club ingl\u00e9s<\/p>\n","protected":false},"author":20,"featured_media":402869,"comment_status":"closed","ping_status":"closed","sticky":false,"template":"","format":"standard","meta":[],"categories":[7061,5,6995,3839,6998,3846,6999],"tags":[2236,775],"_links":{"self":[{"href":"http:\/\/desarrollo.grupomedios.com\/futbol\/wp-json\/wp\/v2\/posts\/402868"}],"collection":[{"href":"http:\/\/desarrollo.grupomedios.com\/futbol\/wp-json\/wp\/v2\/posts"}],"about":[{"href":"http:\/\/desarrollo.grupomedios.com\/futbol\/wp-json\/wp\/v2\/types\/post"}],"author":[{"embeddable":true,"href":"http:\/\/desarrollo.grupomedios.com\/futbol\/wp-json\/wp\/v2\/users\/20"}],"replies":[{"embeddable":true,"href":"http:\/\/desarrollo.grupomedios.com\/futbol\/wp-json\/wp\/v2\/comments?post=402868"}],"version-history":[{"count":0,"href":"http:\/\/desarrollo.grupomedios.com\/futbol\/wp-json\/wp\/v2\/posts\/402868\/revisions"}],"wp:featuredmedia":[{"embeddable":true,"href":"http:\/\/desarrollo.grupomedios.com\/futbol\/wp-json\/wp\/v2\/media\/402869"}],"wp:attachment":[{"href":"http:\/\/desarrollo.grupomedios.com\/futbol\/wp-json\/wp\/v2\/media?parent=402868"}],"wp:term":[{"taxonomy":"category","embeddable":true,"href":"http:\/\/desarrollo.grupomedios.com\/futbol\/wp-json\/wp\/v2\/categories?post=402868"},{"taxonomy":"post_tag","embeddable":true,"href":"http:\/\/desarrollo.grupomedios.com\/futbol\/wp-json\/wp\/v2\/tags?post=402868"}],"curies":[{"name":"wp","href":"https:\/\/api.w.org\/{rel}","templated":true}]}}