{"id":402903,"date":"2016-06-09T12:15:26","date_gmt":"2016-06-09T18:15:26","guid":{"rendered":"http:\/\/www.futboltotal.com.mx\/?p=402903"},"modified":"2016-06-10T13:54:22","modified_gmt":"2016-06-10T19:54:22","slug":"partido-francia-vs-rumania-eurocopa-2016","status":"publish","type":"post","link":"http:\/\/desarrollo.grupomedios.com\/futbol\/futbol-internacional\/partido-francia-vs-rumania-eurocopa-2016\/2016\/06","title":{"rendered":"PREVIA | Francia vs Rumania | Eurocopa 2016"},"content":{"rendered":"<p>&nbsp;<\/p>\n<p><script src=\"\/\/platform.twitter.com\/widgets.js\" async=\"\" charset=\"utf-8\"><\/script><\/p>\n<p>0:00 | En estos momentos sale el DJ franc\u00e9s David Guetta. \u00c9l ser\u00e1 el encargado musical de esta tarde<\/p>\n<p>0:00 | Comienza a tomar forma la ceremonia de inauguraci\u00f3n de la Euro 2016.<\/p>\n<p>0:00 | Los rumanos tambi\u00e9n ya est\u00e1n listos para el inicio del partido. Esta tarde vestir\u00e1n con su tradicional uniforme amarillo con azul.<\/p>\n<p><img decoding=\"async\" loading=\"lazy\" class=\"alignnone size-full wp-image-402935\" src=\"http:\/\/www.futboltotal.com.mx\/wp-content\/uploads\/2016\/06\/FRANCIA-RUMANIA-EN-VIVO-VESTIDOR-RUMANIA.jpg\" alt=\"FRANCIA-RUMANIA-EN-VIVO-VESTIDOR-RUMANIA\" srcset=\"http:\/\/desarrollo.grupomedios.com\/futbol\/wp-content\/uploads\/2016\/06\/FRANCIA-RUMANIA-EN-VIVO-VESTIDOR-RUMANIA.jpg 858w, http:\/\/desarrollo.grupomedios.com\/futbol\/wp-content\/uploads\/2016\/06\/FRANCIA-RUMANIA-EN-VIVO-VESTIDOR-RUMANIA-300x151.jpg 300w, http:\/\/desarrollo.grupomedios.com\/futbol\/wp-content\/uploads\/2016\/06\/FRANCIA-RUMANIA-EN-VIVO-VESTIDOR-RUMANIA-768x386.jpg 768w, http:\/\/desarrollo.grupomedios.com\/futbol\/wp-content\/uploads\/2016\/06\/FRANCIA-RUMANIA-EN-VIVO-VESTIDOR-RUMANIA-340x171.jpg 340w\" sizes=\"(max-width: 858px) 100vw, 858px\" \/><\/p>\n<p>0:00 | El vestidor de la Selecci\u00f3n Francesa ya est\u00e1 listo para los jugadores. Andr\u00e9-Pierre Gignac comenzar\u00e1 el juego en la banca.<\/p>\n<p><img decoding=\"async\" loading=\"lazy\" class=\"alignnone size-full wp-image-402931\" src=\"http:\/\/www.futboltotal.com.mx\/wp-content\/uploads\/2016\/06\/FRANCIA-RUMANIA-EN-VIVO-VESTIDORES.jpg\" alt=\"FRANCIA-RUMANIA-EN-VIVO-VESTIDORES\" srcset=\"http:\/\/desarrollo.grupomedios.com\/futbol\/wp-content\/uploads\/2016\/06\/FRANCIA-RUMANIA-EN-VIVO-VESTIDORES.jpg 858w, http:\/\/desarrollo.grupomedios.com\/futbol\/wp-content\/uploads\/2016\/06\/FRANCIA-RUMANIA-EN-VIVO-VESTIDORES-300x151.jpg 300w, http:\/\/desarrollo.grupomedios.com\/futbol\/wp-content\/uploads\/2016\/06\/FRANCIA-RUMANIA-EN-VIVO-VESTIDORES-768x386.jpg 768w, http:\/\/desarrollo.grupomedios.com\/futbol\/wp-content\/uploads\/2016\/06\/FRANCIA-RUMANIA-EN-VIVO-VESTIDORES-340x171.jpg 340w\" sizes=\"(max-width: 858px) 100vw, 858px\" \/><\/p>\n<p>0:00 | Los jugadores de Francia ya se encuentran calentando en la cancha del Stade de France<\/p>\n<p><img decoding=\"async\" loading=\"lazy\" class=\"alignnone size-full wp-image-402929\" src=\"http:\/\/www.futboltotal.com.mx\/wp-content\/uploads\/2016\/06\/Francia-Rumania-Eurocopa-2016.jpg\" alt=\"Francia-Rumania--Eurocopa-2016\" srcset=\"http:\/\/desarrollo.grupomedios.com\/futbol\/wp-content\/uploads\/2016\/06\/Francia-Rumania-Eurocopa-2016.jpg 858w, http:\/\/desarrollo.grupomedios.com\/futbol\/wp-content\/uploads\/2016\/06\/Francia-Rumania-Eurocopa-2016-300x151.jpg 300w, http:\/\/desarrollo.grupomedios.com\/futbol\/wp-content\/uploads\/2016\/06\/Francia-Rumania-Eurocopa-2016-768x386.jpg 768w, http:\/\/desarrollo.grupomedios.com\/futbol\/wp-content\/uploads\/2016\/06\/Francia-Rumania-Eurocopa-2016-340x171.jpg 340w\" sizes=\"(max-width: 858px) 100vw, 858px\" \/><\/p>\n<p>0:00 | Estos son los 11 de Rumania que van a disputar el partido.<\/p>\n<blockquote class=\"twitter-tweet\" data-lang=\"es\"><p>\nThe Romania team picked to face <a href=\"https:\/\/twitter.com\/hashtag\/EURO2016?src=hash\">#EURO2016<\/a> hosts France.<a href=\"https:\/\/twitter.com\/hashtag\/FRAROU?src=hash\">#FRAROU<\/a><a href=\"https:\/\/t.co\/HfK9e0sfQU\">https:\/\/t.co\/HfK9e0sfQU<\/a><\/p>\n<p>\u2014 UEFA EURO 2016 (@UEFAEURO) <a href=\"https:\/\/twitter.com\/UEFAEURO\/status\/741337526762274816\">10 de junio de 2016<\/a>\n<\/p><\/blockquote>\n<p><script src=\"\/\/platform.twitter.com\/widgets.js\" async=\"\" charset=\"utf-8\"><\/script><\/p>\n<p>0:00 | Listas las alineaciones para el primer partido entre Francia y Rumania<\/p>\n<p>As\u00ed sale la Selecci\u00f3n de Francia:<\/p>\n<blockquote class=\"twitter-tweet\" data-lang=\"es\"><p>A reminder of the France team for tonight&#8217;s <a href=\"https:\/\/twitter.com\/hashtag\/EURO2016?src=hash\">#EURO2016<\/a> opener.<a href=\"https:\/\/twitter.com\/hashtag\/FRAROU?src=hash\">#FRAROU<\/a><a href=\"https:\/\/t.co\/0OT3x3VEE5\">https:\/\/t.co\/0OT3x3VEE5<\/a><\/p>\n<p>\u2014 UEFA EURO 2016 (@UEFAEURO) <a href=\"https:\/\/twitter.com\/UEFAEURO\/status\/741335706669223936\">10 de junio de 2016<\/a><\/p><\/blockquote>\n<p><script src=\"\/\/platform.twitter.com\/widgets.js\" async=\"\" charset=\"utf-8\"><\/script><\/p>\n<p>0:00 | Los aficionados comienzan a llegar al Stade de France. \u00a1La Eurocopa est\u00e1 a punto de comenzar!<\/p>\n<p style=\"text-align: center;\"><strong>PREVIA<\/strong><\/p>\n<p>Par\u00eds, 8 jun (EFE).- Comenzar ante su p\u00fablico una <strong>Eurocopa<\/strong> que se desarrolla en su pa\u00eds, soportar la presi\u00f3n de ser una de las favoritas, es el reto al que este viernes se enfrenta <strong>Francia<\/strong> ante una de las mejores defensas del campeonato, <strong>Ruman\u00eda<\/strong>, que tratar\u00e1 de aguar la fiesta local.<\/p>\n<p>Los de Didier Deschamps tienen poco margen de maniobra porque del resultado del duelo que ma\u00f1ana dar\u00e1 el banderazo de salida en el Estadio de <strong>Francia<\/strong> a la competici\u00f3n depender\u00e1 gran parte de la aventura francesa.<\/p>\n<p>Y de la <strong>Eurocopa<\/strong> en general, puesto que los recientes atentados en Par\u00eds y Bruselas han creado un ambiente de inseguridad que parece nublar la alegr\u00eda que se le supone a este tipo de eventos y que llegar\u00e1 si la selecci\u00f3n local mantiene altas sus espectativas.<\/p>\n<p>El seleccionador franc\u00e9s ha conseguido conservar el buen ambiente en un equipo que llega con buenos resultados en los amistosos que ha encadenado en los dos \u00faltimos a\u00f1os, pero que en las \u00faltimas semanas no ha parado de recibir noticias negativas.<\/p>\n<p>No ha habido una l\u00ednea de juego en la que Deschamps no haya perdido un titular, bien por las lesiones, bien por problemas de dopaje, bien porque la actualidad judicial se ha interpuesto en el camino de algunos hombres importantes, como Karim Benzema, apartado por su presunta implicaci\u00f3n en un caso de chantaje con un v\u00eddeo sexual a Mathieu Valbuena.<\/p>\n<p style=\"text-align: center;\"><span style=\"color: #3366ff;\"><a style=\"color: #3366ff;\" href=\"http:\/\/www.futboltotal.com.mx\/2016\/06\/heroes-la-euro-michel-platini\/\" target=\"_blank\">LEER M\u00c1S: H\u00e9roes de la Euro | Michel Platini<\/a><\/span><\/p>\n<p>Pero sin duda la zaga ha sido la m\u00e1s afectada, sin los dos centrales titulares para el seleccionador franc\u00e9s, que ha tenido que improvisar para afrontar la competici\u00f3n que lleva preparando con celo durante 24 meses.<\/p>\n<p>Raphael Varane y Mamadou Sakho, lesionado el primero, dudoso de dopaje el segundo, no estar\u00e1n en la <strong>Eurocopa<\/strong> y su puesto ser\u00e1 ocupado por Laurent Koscielny y Adil Rami, poco acostumbrados a jugar juntos en el eje de la defensa.<\/p>\n<p>En el centro del campo a \u00faltima hora se march\u00f3 por lesi\u00f3n Lass Diarra, llamado a ser el pilar de esa l\u00ednea, y el inexperto N&#8217;Golo Kant\u00e9, que solo cuenta con 4 partidos internacionales, ha emergido como una pieza clave del dispositivo.<\/p>\n<p>Delante, sin Benzema, que era el atacante preferido de Deschamps, <strong>Francia<\/strong> se pone en manos de Anotine Griezmann, que puede salir de esta <strong>Eurocopa<\/strong> como un h\u00e9roe nacional o como un villano; sin olvidar que Olivier Giroud es el &#8220;9&#8221; habitual y el hombre m\u00e1s apropiado para apretar el gatillo.<\/p>\n<p>Junto a ellos otra sorpresa, Dimitri Payet, cuyo buen rendimiento con el West Ham y con la selecci\u00f3n en las \u00faltimas semanas le han propulsado a un tridente casi in\u00e9dito con el que Francia tratar\u00e1 de compensar las carencias defensivas.<br \/>\n<img decoding=\"async\" loading=\"lazy\" class=\"alignnone size-full wp-image-402904\" src=\"http:\/\/www.futboltotal.com.mx\/wp-content\/uploads\/2016\/06\/Francia-eurocopa.jpg\" alt=\"Francia-eurocopa\" srcset=\"http:\/\/desarrollo.grupomedios.com\/futbol\/wp-content\/uploads\/2016\/06\/Francia-eurocopa.jpg 858w, http:\/\/desarrollo.grupomedios.com\/futbol\/wp-content\/uploads\/2016\/06\/Francia-eurocopa-300x151.jpg 300w, http:\/\/desarrollo.grupomedios.com\/futbol\/wp-content\/uploads\/2016\/06\/Francia-eurocopa-768x386.jpg 768w, http:\/\/desarrollo.grupomedios.com\/futbol\/wp-content\/uploads\/2016\/06\/Francia-eurocopa-340x171.jpg 340w\" sizes=\"(max-width: 858px) 100vw, 858px\" \/><\/p>\n<p>Parad\u00f3jicamente, esa <strong>Francia<\/strong> con pies de barro debuta ante un equipo que se ha ganado la reputaci\u00f3n de ser un muro defensivo, el menos goleado de la fase de clasificaci\u00f3n, pero carente de grandes estrellas.<\/p>\n<p>En las \u00faltimas semanas, en la concentraci\u00f3n de <strong>Francia<\/strong> en el palacio de Clairefontaine, los periodistas se han divertido preguntando a los <em>bleus<\/em>\u00a0por los rumanos. Poca o ninguna informaci\u00f3n.<\/p>\n<p>Agazapados tratar\u00e1n de sorprender a una Francia que ellos conocen perfectamente, como se ha encargado de demostrar el seleccionador adjunto, Viorel Moldovan.<\/p>\n<p>Lejos quedan los tiempos de los Lacatus, los Hagi, los Popescu, los Chivu, el \u00faltimo que ha colgado las botas, o del propio Anghel Iordanescu, que ahora es el entrenador de un equipo sin nombres de relevancia.<\/p>\n<p>A parte de Ciprian Tutarusanu, portero de la Fiorentina, y de Vlad Chiriches, defensa no titular en el N\u00e1poles, pocos nombres destacan en la formaci\u00f3n rumana.<\/p>\n<p>Por eso, el colectivo y la fuerza defensiva son sus se\u00f1as de identidad, aunque, como advierte Moldovan, &#8220;contra Francia no vale solo con defender, habr\u00e1 que ser muy agresivos y obligarles a ellos a retrasarse lo m\u00e1s posible&#8221;.<\/p>\n<p>Sin grandes ambiciones, <strong>Ruman\u00eda<\/strong> cuenta con un buen resultado para tener opciones de clasificaci\u00f3n en un grupo accesible.<\/p>\n<p>&nbsp;<\/p>\n","protected":false},"excerpt":{"rendered":"<p>Francia abre contra la muralla rumana<\/p>\n","protected":false},"author":144,"featured_media":402907,"comment_status":"closed","ping_status":"closed","sticky":false,"template":"","format":"standard","meta":[],"categories":[6995,3839],"tags":[6152,413,1254],"_links":{"self":[{"href":"http:\/\/desarrollo.grupomedios.com\/futbol\/wp-json\/wp\/v2\/posts\/402903"}],"collection":[{"href":"http:\/\/desarrollo.grupomedios.com\/futbol\/wp-json\/wp\/v2\/posts"}],"about":[{"href":"http:\/\/desarrollo.grupomedios.com\/futbol\/wp-json\/wp\/v2\/types\/post"}],"author":[{"embeddable":true,"href":"http:\/\/desarrollo.grupomedios.com\/futbol\/wp-json\/wp\/v2\/users\/144"}],"replies":[{"embeddable":true,"href":"http:\/\/desarrollo.grupomedios.com\/futbol\/wp-json\/wp\/v2\/comments?post=402903"}],"version-history":[{"count":0,"href":"http:\/\/desarrollo.grupomedios.com\/futbol\/wp-json\/wp\/v2\/posts\/402903\/revisions"}],"wp:featuredmedia":[{"embeddable":true,"href":"http:\/\/desarrollo.grupomedios.com\/futbol\/wp-json\/wp\/v2\/media\/402907"}],"wp:attachment":[{"href":"http:\/\/desarrollo.grupomedios.com\/futbol\/wp-json\/wp\/v2\/media?parent=402903"}],"wp:term":[{"taxonomy":"category","embeddable":true,"href":"http:\/\/desarrollo.grupomedios.com\/futbol\/wp-json\/wp\/v2\/categories?post=402903"},{"taxonomy":"post_tag","embeddable":true,"href":"http:\/\/desarrollo.grupomedios.com\/futbol\/wp-json\/wp\/v2\/tags?post=402903"}],"curies":[{"name":"wp","href":"https:\/\/api.w.org\/{rel}","templated":true}]}}