{"id":402989,"date":"2016-06-10T15:21:42","date_gmt":"2016-06-10T21:21:42","guid":{"rendered":"http:\/\/www.futboltotal.com.mx\/?p=402989"},"modified":"2016-06-10T15:21:42","modified_gmt":"2016-06-10T21:21:42","slug":"julian-velazquez-nuevo-jugador-del-cruz-azul","status":"publish","type":"post","link":"http:\/\/desarrollo.grupomedios.com\/futbol\/destacado-home\/julian-velazquez-nuevo-jugador-del-cruz-azul\/2016\/06","title":{"rendered":"Juli\u00e1n Vel\u00e1zquez, nuevo jugador del Cruz Azul"},"content":{"rendered":"<p>En el Draft, <strong><a href=\"http:\/\/futboltotal.com.mx\/equipos\/cruz-azul\/\" target=\"_blank\">Cruz Azul<\/a><\/strong> se limit\u00f3 a realizar un par de incorporaciones, pues volvi\u00f3 a apostar por el mercado extranjero, situaci\u00f3n que ya comenz\u00f3 con la contrataci\u00f3n del defensa argentino, <strong>Juli\u00e1n Vel\u00e1zquez<\/strong>.<\/p>\n<p>El zaguero llega procedente del Hajduk Split de la Primera Divisi\u00f3n de Croacia; ser\u00e1 la pr\u00f3xima semana arribar\u00e1 a la Ciudad de M\u00e9xico para realizar los ex\u00e1menes m\u00e9dicos pertinentes.<\/p>\n<blockquote class=\"twitter-tweet\" data-lang=\"es\">\n<p dir=\"ltr\" lang=\"es\">Juli\u00e1n Vel\u00e1zquez reforzar\u00e1 la zaga Celeste. <a href=\"https:\/\/twitter.com\/hashtag\/AzulEsTodo?src=hash\">#AzulEsTodo<\/a> <a href=\"https:\/\/t.co\/1W6XAPgYpH\">pic.twitter.com\/1W6XAPgYpH<\/a><\/p>\n<p>\u2014 CRUZ AZUL FC \u00ae (@Cruz_Azul_FC) <a href=\"https:\/\/twitter.com\/Cruz_Azul_FC\/status\/741339125287137280\">10 de junio de 2016<\/a><\/p><\/blockquote>\n<p><script src=\"\/\/platform.twitter.com\/widgets.js\" async=\"\" charset=\"utf-8\"><\/script><\/p>\n<p><strong>Juli\u00e1n Vel\u00e1zquez<\/strong> tiene 25 a\u00f1os, y s\u00f3lo cuenta con tres equipos en su historial, siendo Independiente donde debut\u00f3 en 2009. A penas en 2015 se fue al Viejo Continente, a la liga de Rumania con Gaz Metan y en \u00e9se mismo a\u00f1o pas\u00f3 en Croacia.<\/p>\n<p><span style=\"color: #ff0000;\"><strong>VIDEO<\/strong>: Las 10 cosas que no sabias de Chicharito<\/span><br \/>\n[video_player]https:\/\/player.vimeo.com\/external\/168955702.sd.mp4?s=7c2ede2f28850b9a1bb8f2ff29693878d55c4ac0&amp;profile_id=165[\/video_player]<\/p>\n","protected":false},"excerpt":{"rendered":"<p>El defensa argentino llega del futbol croata <\/p>\n","protected":false},"author":20,"featured_media":402990,"comment_status":"closed","ping_status":"closed","sticky":false,"template":"","format":"standard","meta":[],"categories":[5,2198,3845],"tags":[5962],"_links":{"self":[{"href":"http:\/\/desarrollo.grupomedios.com\/futbol\/wp-json\/wp\/v2\/posts\/402989"}],"collection":[{"href":"http:\/\/desarrollo.grupomedios.com\/futbol\/wp-json\/wp\/v2\/posts"}],"about":[{"href":"http:\/\/desarrollo.grupomedios.com\/futbol\/wp-json\/wp\/v2\/types\/post"}],"author":[{"embeddable":true,"href":"http:\/\/desarrollo.grupomedios.com\/futbol\/wp-json\/wp\/v2\/users\/20"}],"replies":[{"embeddable":true,"href":"http:\/\/desarrollo.grupomedios.com\/futbol\/wp-json\/wp\/v2\/comments?post=402989"}],"version-history":[{"count":0,"href":"http:\/\/desarrollo.grupomedios.com\/futbol\/wp-json\/wp\/v2\/posts\/402989\/revisions"}],"wp:featuredmedia":[{"embeddable":true,"href":"http:\/\/desarrollo.grupomedios.com\/futbol\/wp-json\/wp\/v2\/media\/402990"}],"wp:attachment":[{"href":"http:\/\/desarrollo.grupomedios.com\/futbol\/wp-json\/wp\/v2\/media?parent=402989"}],"wp:term":[{"taxonomy":"category","embeddable":true,"href":"http:\/\/desarrollo.grupomedios.com\/futbol\/wp-json\/wp\/v2\/categories?post=402989"},{"taxonomy":"post_tag","embeddable":true,"href":"http:\/\/desarrollo.grupomedios.com\/futbol\/wp-json\/wp\/v2\/tags?post=402989"}],"curies":[{"name":"wp","href":"https:\/\/api.w.org\/{rel}","templated":true}]}}