{"id":402994,"date":"2016-06-10T16:28:15","date_gmt":"2016-06-10T22:28:15","guid":{"rendered":"http:\/\/www.futboltotal.com.mx\/?p=402994"},"modified":"2016-06-10T16:28:15","modified_gmt":"2016-06-10T22:28:15","slug":"necaxa-se-refuerza-fernando-meza","status":"publish","type":"post","link":"http:\/\/desarrollo.grupomedios.com\/futbol\/futbol-mexicano\/necaxa-se-refuerza-fernando-meza\/2016\/06","title":{"rendered":"Necaxa se refuerza con Fernando Meza"},"content":{"rendered":"<p>Con el objetivo de mantenerse en el m\u00e1ximo circuito, <strong>Necaxa<\/strong> comenz\u00f3 a conformar un equipo que compita en la Liga MX, por eso tambi\u00e9n apost\u00f3 por el mercado extranjero al contratar al defensa argentino <strong>Fernando\u00a0Meza<\/strong>.<\/p>\n<p>El zaguero central de 26 a\u00f1os de edad, llega procedente del futbol chileno del club Palestino, donde militaba desde 2015.<\/p>\n<blockquote class=\"twitter-tweet\" data-lang=\"es\">\n<p dir=\"ltr\" lang=\"es\">Desde Argentina llega para defender los colores de los Rayos, Fernando Meza \u00a1Bienvenido! <a href=\"https:\/\/t.co\/NC6v2V4Hop\">pic.twitter.com\/NC6v2V4Hop<\/a><\/p>\n<p>\u2014 Club Necaxa (@ClubNecaxa) <a href=\"https:\/\/twitter.com\/ClubNecaxa\/status\/741381901257035776\">10 de junio de 2016<\/a><\/p><\/blockquote>\n<p><script src=\"\/\/platform.twitter.com\/widgets.js\" async=\"\" charset=\"utf-8\"><\/script><\/p>\n<p><strong>Fernando Meza<\/strong> debut\u00f3 en San Lorenzo en 2008, ah\u00ed desempe\u00f1\u00f3 la mayor parte de su trayectoria hasta que en 2013 pas\u00f3 al Olimpo y posteriormente a San Marcos.<\/p>\n<p>De esta forma, <strong>Necaxa<\/strong> ya percibi\u00f3 seis altas, despu\u00e9s que hacerse con Severo Meza, Edson Puch, Manuel Iturra, Alejandro D\u00edaz y Jes\u00fas Ch\u00e1vez.<\/p>\n<p><span style=\"color: #ff0000;\"><strong>VIDEO<\/strong>: Los mejores fichajes del Draft<\/span><\/p>\n<p>[video_player]https:\/\/player.vimeo.com\/external\/170035092.sd.mp4?s=161072b0b75c18f3e0e4f625598c99f116cfae44&amp;profile_id=164[\/video_player]<\/p>\n","protected":false},"excerpt":{"rendered":"<p>El zaguero argentino se convirti\u00f3 en el sexto fichaje de los Rayos <\/p>\n","protected":false},"author":20,"featured_media":403012,"comment_status":"closed","ping_status":"closed","sticky":false,"template":"","format":"standard","meta":[],"categories":[2198,3845,5950],"tags":[261],"_links":{"self":[{"href":"http:\/\/desarrollo.grupomedios.com\/futbol\/wp-json\/wp\/v2\/posts\/402994"}],"collection":[{"href":"http:\/\/desarrollo.grupomedios.com\/futbol\/wp-json\/wp\/v2\/posts"}],"about":[{"href":"http:\/\/desarrollo.grupomedios.com\/futbol\/wp-json\/wp\/v2\/types\/post"}],"author":[{"embeddable":true,"href":"http:\/\/desarrollo.grupomedios.com\/futbol\/wp-json\/wp\/v2\/users\/20"}],"replies":[{"embeddable":true,"href":"http:\/\/desarrollo.grupomedios.com\/futbol\/wp-json\/wp\/v2\/comments?post=402994"}],"version-history":[{"count":0,"href":"http:\/\/desarrollo.grupomedios.com\/futbol\/wp-json\/wp\/v2\/posts\/402994\/revisions"}],"wp:featuredmedia":[{"embeddable":true,"href":"http:\/\/desarrollo.grupomedios.com\/futbol\/wp-json\/wp\/v2\/media\/403012"}],"wp:attachment":[{"href":"http:\/\/desarrollo.grupomedios.com\/futbol\/wp-json\/wp\/v2\/media?parent=402994"}],"wp:term":[{"taxonomy":"category","embeddable":true,"href":"http:\/\/desarrollo.grupomedios.com\/futbol\/wp-json\/wp\/v2\/categories?post=402994"},{"taxonomy":"post_tag","embeddable":true,"href":"http:\/\/desarrollo.grupomedios.com\/futbol\/wp-json\/wp\/v2\/tags?post=402994"}],"curies":[{"name":"wp","href":"https:\/\/api.w.org\/{rel}","templated":true}]}}