{"id":403027,"date":"2016-06-10T17:48:14","date_gmt":"2016-06-10T23:48:14","guid":{"rendered":"http:\/\/www.futboltotal.com.mx\/?p=403027"},"modified":"2016-06-10T17:49:56","modified_gmt":"2016-06-10T23:49:56","slug":"aumentan-los-extranjeros-en-santos-laguna","status":"publish","type":"post","link":"http:\/\/desarrollo.grupomedios.com\/futbol\/futbol-mexicano\/aumentan-los-extranjeros-en-santos-laguna\/2016\/06","title":{"rendered":"Aumentan los extranjeros en Santos Laguna"},"content":{"rendered":"<p>Gracias a la regla 10-8, la presencia de extranjeros en la Liga MX se incrementar\u00e1, pues equipos como <strong><a href=\"http:\/\/futboltotal.com.mx\/equipos\/santos\/\" target=\"_blank\">Santos Laguna<\/a><\/strong> aprovecharon para traer a jugadores for\u00e1neos, ya que en esta ocasi\u00f3n la escuadra <em>verdiblanca<\/em> se hizo con el delantero uruguayo, <strong>Jonathan Rodr\u00edguez<\/strong>.<\/p>\n<p>El ariete de 22 a\u00f1os de edad llega procedente del Deportivo la Coru\u00f1a, donde s\u00f3lo estuvo una campa\u00f1a en la que sum\u00f3 escasos 566 minutos y fue incapaz de adjudicarse una anotaci\u00f3n.<\/p>\n<blockquote class=\"twitter-tweet\" data-lang=\"es\">\n<p dir=\"ltr\" lang=\"es\"><a href=\"https:\/\/twitter.com\/hashtag\/RefuerzoGuerrero?src=hash\">#RefuerzoGuerrero<\/a> | Anunciamos la llegada de <a href=\"https:\/\/twitter.com\/hashtag\/JonathanRodr%C3%ADguez?src=hash\">#JonathanRodr\u00edguez<\/a> a nuestra instituci\u00f3n. <a href=\"https:\/\/twitter.com\/hashtag\/Aqu%C3%ADPuroGuerrero?src=hash\">#Aqu\u00edPuroGuerrero<\/a> <a href=\"https:\/\/t.co\/Ne1rWFTUYj\">pic.twitter.com\/Ne1rWFTUYj<\/a><\/p>\n<p>\u2014 ClubSantosLaguna (@ClubSantos) <a href=\"https:\/\/twitter.com\/ClubSantos\/status\/741383243090395136\">10 de junio de 2016<\/a><\/p><\/blockquote>\n<p><script src=\"\/\/platform.twitter.com\/widgets.js\" async=\"\" charset=\"utf-8\"><\/script><\/p>\n<p><strong>Jonathan Rodr\u00edguez<\/strong> anteriormente pas\u00f3 por Benfica, donde tampoco logr\u00f3 figuras, al menos no como en Pe\u00f1arol donde debut\u00f3 en 2013, donde dio 16 anotaciones en 38 encuentros.<\/p>\n<p>\u201cTiene experiencia con el combinado charr\u00faa en la pasada Copa Am\u00e9rica de 2015 y en el presente proceso mundialista rumbo a Rusia 2018. Tambi\u00e9n ha jugado torneos importantes como la Copa Libertadores y Copa Sudamericana\u201c, detall\u00f3 <strong>Santos Laguna<\/strong> por medio de un comunicado de prensa.<\/p>\n<p><span style=\"color: #ff0000;\"><strong>VIDEO<\/strong>: Los mejores fichajes del Draft<\/span><\/p>\n<p>[video_player]https:\/\/player.vimeo.com\/external\/170035092.sd.mp4?s=161072b0b75c18f3e0e4f625598c99f116cfae44&amp;profile_id=164[\/video_player]<\/p>\n","protected":false},"excerpt":{"rendered":"<p>El delantero uruguayo Jonathan Rodr\u00edguez ya es Guerrero <\/p>\n","protected":false},"author":20,"featured_media":403029,"comment_status":"closed","ping_status":"closed","sticky":false,"template":"","format":"standard","meta":[],"categories":[2198,3845,5950],"tags":[174],"_links":{"self":[{"href":"http:\/\/desarrollo.grupomedios.com\/futbol\/wp-json\/wp\/v2\/posts\/403027"}],"collection":[{"href":"http:\/\/desarrollo.grupomedios.com\/futbol\/wp-json\/wp\/v2\/posts"}],"about":[{"href":"http:\/\/desarrollo.grupomedios.com\/futbol\/wp-json\/wp\/v2\/types\/post"}],"author":[{"embeddable":true,"href":"http:\/\/desarrollo.grupomedios.com\/futbol\/wp-json\/wp\/v2\/users\/20"}],"replies":[{"embeddable":true,"href":"http:\/\/desarrollo.grupomedios.com\/futbol\/wp-json\/wp\/v2\/comments?post=403027"}],"version-history":[{"count":0,"href":"http:\/\/desarrollo.grupomedios.com\/futbol\/wp-json\/wp\/v2\/posts\/403027\/revisions"}],"wp:featuredmedia":[{"embeddable":true,"href":"http:\/\/desarrollo.grupomedios.com\/futbol\/wp-json\/wp\/v2\/media\/403029"}],"wp:attachment":[{"href":"http:\/\/desarrollo.grupomedios.com\/futbol\/wp-json\/wp\/v2\/media?parent=403027"}],"wp:term":[{"taxonomy":"category","embeddable":true,"href":"http:\/\/desarrollo.grupomedios.com\/futbol\/wp-json\/wp\/v2\/categories?post=403027"},{"taxonomy":"post_tag","embeddable":true,"href":"http:\/\/desarrollo.grupomedios.com\/futbol\/wp-json\/wp\/v2\/tags?post=403027"}],"curies":[{"name":"wp","href":"https:\/\/api.w.org\/{rel}","templated":true}]}}