{"id":403122,"date":"2016-06-11T14:08:00","date_gmt":"2016-06-11T20:08:00","guid":{"rendered":"http:\/\/www.futboltotal.com.mx\/?p=403122"},"modified":"2016-06-11T14:10:49","modified_gmt":"2016-06-11T20:10:49","slug":"filtran-playera-del-toluca-centenario","status":"publish","type":"post","link":"http:\/\/desarrollo.grupomedios.com\/futbol\/futbol-mexicano\/filtran-playera-del-toluca-centenario\/2016\/06","title":{"rendered":"Filtran playera del Toluca para su Centenario"},"content":{"rendered":"<p>Adem\u00e1s de <span style=\"color: #ff0000;\"><a style=\"color: #ff0000;\" href=\"http:\/\/www.futboltotal.com.mx\/equipos\/america\/\" target=\"_blank\">Am\u00e9rica<\/a><\/span> y <span style=\"color: #ff0000;\"><a style=\"color: #ff0000;\" href=\"http:\/\/www.futboltotal.com.mx\/equipos\/atlas\/\" target=\"_blank\">Atlas<\/a><\/span>, <strong><span style=\"color: #ff0000;\"><a style=\"color: #ff0000;\" href=\"http:\/\/www.futboltotal.com.mx\/equipos\/toluca\/\" target=\"_blank\">Toluca<\/a><\/span><\/strong> est\u00e1 pr\u00f3ximo a cumplir 100 a\u00f1os en el mes de febrero, por lo que ya comienzan los preparativos para los festejos y la playera especial siempre es de las m\u00e1s esperadas para un <strong>Centenario<\/strong><\/p>\n<p>El blog\u00a0<em>Todosobrecamisetas\u00a0<\/em>filtr\u00f3 lo que ser\u00e1 la nueva playera de los <em>Diablos Rojos<\/em> para su centenario.<\/p>\n<p><img decoding=\"async\" loading=\"lazy\" class=\"alignnone size-full wp-image-403123\" src=\"http:\/\/www.futboltotal.com.mx\/wp-content\/uploads\/2016\/06\/1465665816.jpg\" alt=\"1465665816\" srcset=\"http:\/\/desarrollo.grupomedios.com\/futbol\/wp-content\/uploads\/2016\/06\/1465665816.jpg 640w, http:\/\/desarrollo.grupomedios.com\/futbol\/wp-content\/uploads\/2016\/06\/1465665816-300x291.jpg 300w\" sizes=\"(max-width: 640px) 100vw, 640px\" \/><\/p>\n<p>Adem\u00e1s del estadio Nemesio D\u00edez que ya se encuentra en remodelaci\u00f3n, los\u00a0<em>choriceros\u00a0<\/em>tambi\u00e9n estrenar\u00e1n un nuevo jersey conmemorativo para celebrar sus 100 a\u00f1os.<\/p>\n<p><img decoding=\"async\" loading=\"lazy\" class=\"alignnone size-full wp-image-403124\" src=\"http:\/\/www.futboltotal.com.mx\/wp-content\/uploads\/2016\/06\/1465665781.jpg\" alt=\"1465665781\" srcset=\"http:\/\/desarrollo.grupomedios.com\/futbol\/wp-content\/uploads\/2016\/06\/1465665781.jpg 640w, http:\/\/desarrollo.grupomedios.com\/futbol\/wp-content\/uploads\/2016\/06\/1465665781-283x300.jpg 283w\" sizes=\"(max-width: 640px) 100vw, 640px\" \/><\/p>\n","protected":false},"excerpt":{"rendered":"<p>Los Diablos estrenar\u00e1n jersey conmemorativo<\/p>\n","protected":false},"author":20,"featured_media":403125,"comment_status":"closed","ping_status":"closed","sticky":false,"template":"","format":"standard","meta":[],"categories":[2198,3845,5950],"tags":[6662,5975,2127],"_links":{"self":[{"href":"http:\/\/desarrollo.grupomedios.com\/futbol\/wp-json\/wp\/v2\/posts\/403122"}],"collection":[{"href":"http:\/\/desarrollo.grupomedios.com\/futbol\/wp-json\/wp\/v2\/posts"}],"about":[{"href":"http:\/\/desarrollo.grupomedios.com\/futbol\/wp-json\/wp\/v2\/types\/post"}],"author":[{"embeddable":true,"href":"http:\/\/desarrollo.grupomedios.com\/futbol\/wp-json\/wp\/v2\/users\/20"}],"replies":[{"embeddable":true,"href":"http:\/\/desarrollo.grupomedios.com\/futbol\/wp-json\/wp\/v2\/comments?post=403122"}],"version-history":[{"count":0,"href":"http:\/\/desarrollo.grupomedios.com\/futbol\/wp-json\/wp\/v2\/posts\/403122\/revisions"}],"wp:featuredmedia":[{"embeddable":true,"href":"http:\/\/desarrollo.grupomedios.com\/futbol\/wp-json\/wp\/v2\/media\/403125"}],"wp:attachment":[{"href":"http:\/\/desarrollo.grupomedios.com\/futbol\/wp-json\/wp\/v2\/media?parent=403122"}],"wp:term":[{"taxonomy":"category","embeddable":true,"href":"http:\/\/desarrollo.grupomedios.com\/futbol\/wp-json\/wp\/v2\/categories?post=403122"},{"taxonomy":"post_tag","embeddable":true,"href":"http:\/\/desarrollo.grupomedios.com\/futbol\/wp-json\/wp\/v2\/tags?post=403122"}],"curies":[{"name":"wp","href":"https:\/\/api.w.org\/{rel}","templated":true}]}}