{"id":403194,"date":"2016-06-11T19:25:44","date_gmt":"2016-06-12T01:25:44","guid":{"rendered":"http:\/\/www.futboltotal.com.mx\/?p=403194"},"modified":"2016-06-11T19:25:44","modified_gmt":"2016-06-12T01:25:44","slug":"sin-rencor-porto-tecatito-corona","status":"publish","type":"post","link":"http:\/\/desarrollo.grupomedios.com\/futbol\/futbol-mexicano\/sin-rencor-porto-tecatito-corona\/2016\/06","title":{"rendered":"Sin rencor con Porto: Tecatito Corona"},"content":{"rendered":"<p>Despu\u00e9s que Porto le negara la posibilidad de estar en los <strong>Juegos Ol\u00edmpicos<\/strong>, <strong><em>Tecatito<\/em> Corona<\/strong> se\u00f1al\u00f3 que respeta la decisi\u00f3n de su club y descart\u00f3 cualquier tipo de molestia con los <em>Dragones<\/em>.<\/p>\n<p>\u201cMentalmente estoy bien, estoy acostumbrado en ir d\u00eda a d\u00eda. No soy rencoroso, estoy contento con mi club y hoy pertenezco a ellos y debo aceptar. Hay que trabajar para estar en otros Juegos como refuerzo\u201d, coment\u00f3 el delantero en conferencia de prensa.<\/p>\n<blockquote class=\"twitter-tweet\" data-lang=\"es\">\n<p dir=\"ltr\" lang=\"es\">&#8220;Es demasiado importante este partido para llegar con confianza a los Cuartos de Final&#8221;: <a href=\"https:\/\/twitter.com\/Chuycorona25\">@Chuycorona25<\/a> <a href=\"https:\/\/twitter.com\/hashtag\/AmericaParaLosMexicanos?src=hash\">#AmericaParaLosMexicanos<\/a><\/p>\n<p>\u2014 Selecci\u00f3n Nacional (@miseleccionmx) <a href=\"https:\/\/twitter.com\/miseleccionmx\/status\/741692124438007808\">11 de junio de 2016<\/a><\/p><\/blockquote>\n<p><script src=\"\/\/platform.twitter.com\/widgets.js\" async=\"\" charset=\"utf-8\"><\/script><\/p>\n<p>Sobre el partido contra Venezuela, el seleccionado nacional advirti\u00f3 que no pueden seguir cometiendo errores como contra Jamaica, pues la <em>Vino Tinto<\/em> puede capitalizar los yerros.<\/p>\n<p>\u201cLos 23 jugadores que estamos capacitados para cualquier tipo de partido pero hemos trabajado bien los juegos durante la semana y no podemos ser nosotros nuestros propios rivales\u201d, concluy\u00f3 <strong><em>Tecatito<\/em> Corona<\/strong>.<\/p>\n","protected":false},"excerpt":{"rendered":"<p>Al delantero no le molesta perderse los Juegos Ol\u00edmpicos <\/p>\n","protected":false},"author":20,"featured_media":403195,"comment_status":"closed","ping_status":"closed","sticky":false,"template":"","format":"standard","meta":[],"categories":[6950,2198,3847,6951,5950],"tags":[5979,6045],"_links":{"self":[{"href":"http:\/\/desarrollo.grupomedios.com\/futbol\/wp-json\/wp\/v2\/posts\/403194"}],"collection":[{"href":"http:\/\/desarrollo.grupomedios.com\/futbol\/wp-json\/wp\/v2\/posts"}],"about":[{"href":"http:\/\/desarrollo.grupomedios.com\/futbol\/wp-json\/wp\/v2\/types\/post"}],"author":[{"embeddable":true,"href":"http:\/\/desarrollo.grupomedios.com\/futbol\/wp-json\/wp\/v2\/users\/20"}],"replies":[{"embeddable":true,"href":"http:\/\/desarrollo.grupomedios.com\/futbol\/wp-json\/wp\/v2\/comments?post=403194"}],"version-history":[{"count":0,"href":"http:\/\/desarrollo.grupomedios.com\/futbol\/wp-json\/wp\/v2\/posts\/403194\/revisions"}],"wp:featuredmedia":[{"embeddable":true,"href":"http:\/\/desarrollo.grupomedios.com\/futbol\/wp-json\/wp\/v2\/media\/403195"}],"wp:attachment":[{"href":"http:\/\/desarrollo.grupomedios.com\/futbol\/wp-json\/wp\/v2\/media?parent=403194"}],"wp:term":[{"taxonomy":"category","embeddable":true,"href":"http:\/\/desarrollo.grupomedios.com\/futbol\/wp-json\/wp\/v2\/categories?post=403194"},{"taxonomy":"post_tag","embeddable":true,"href":"http:\/\/desarrollo.grupomedios.com\/futbol\/wp-json\/wp\/v2\/tags?post=403194"}],"curies":[{"name":"wp","href":"https:\/\/api.w.org\/{rel}","templated":true}]}}