{"id":403197,"date":"2016-06-11T19:42:03","date_gmt":"2016-06-12T01:42:03","guid":{"rendered":"http:\/\/www.futboltotal.com.mx\/?p=403197"},"modified":"2016-06-11T19:42:03","modified_gmt":"2016-06-12T01:42:03","slug":"oribe-peralta-muestra-empatia-venezuela","status":"publish","type":"post","link":"http:\/\/desarrollo.grupomedios.com\/futbol\/futbol-mexicano\/oribe-peralta-muestra-empatia-venezuela\/2016\/06","title":{"rendered":"Oribe Peralta muestra empat\u00eda con Venezuela"},"content":{"rendered":"<p><strong>Venezuela<\/strong> vive una de sus mayores crisis, al grado que obliga a la poblaci\u00f3n a pelearse incluso por comida, por eso la\u00a0<em>Vino Tinto<\/em> se erige como una peque\u00f1a luz de alegr\u00eda en aquel pa\u00eds, situaci\u00f3n que reconocen en la <strong><a href=\"http:\/\/www.futboltotal.com.mx\/futbol-mexicano\/seleccion-mexicana\/\" target=\"_blank\">Selecci\u00f3n Mexicana<\/a><\/strong>, as\u00ed lo se\u00f1al\u00f3 <strong>Oribe Peralta<\/strong> quien compar\u00f3 las situaciones de ambas naciones.<\/p>\n<p>\u201cEst\u00e1 bien que ellos piensen as\u00ed y nosotros tambi\u00e9n pensamos de la misma forma, nosotros no estamos pasando en M\u00e9xico un tiempo muy bueno pero a final de cuentas esto se resume a futbol\u201d, consider\u00f3\u00a0el <em>Cepillo<\/em> en conferencia de prensa.<\/p>\n<blockquote class=\"twitter-tweet\" data-lang=\"es\">\n<p dir=\"ltr\" lang=\"es\">&#8220;Para nosotros es importante asegurar el primer lugar en el juego del lunes&#8221;: <a href=\"https:\/\/twitter.com\/OribePeralta\">@OribePeralta<\/a> <a href=\"https:\/\/twitter.com\/hashtag\/AmericaParaLosMexicanos?src=hash\">#AmericaParaLosMexicanos<\/a><\/p>\n<p>\u2014 Selecci\u00f3n Nacional (@miseleccionmx) <a href=\"https:\/\/twitter.com\/miseleccionmx\/status\/741692840770560001\">11 de junio de 2016<\/a><\/p><\/blockquote>\n<p><script src=\"\/\/platform.twitter.com\/widgets.js\" async=\"\" charset=\"utf-8\"><\/script><\/p>\n<p>Momentos previos a la comparecencia del delantero del <em>Tri<\/em>, los venezolano Jos\u00e9 Vel\u00e1zquez y Josef Mart\u00ednez subrayaron que son una forma de desahogo para que sus paisanos logren sobrellevar el momento cr\u00edtico que viven.<\/p>\n<p>En otro tema, <strong>Oribe Peralta<\/strong> destac\u00f3 el entendimiento que alcanz\u00f3 el cuadro nacional con el colombiano Juan Carlos Osorio, lo cual fue clave para mantenerse hasta el momento invicto.<\/p>\n<p>\u201cLos jugadores hemos tomado la idea que quiere el entrenador, pero lo principal son los jugadores que hay, que est\u00e1n acostumbrados a ganar, casi la mayor\u00eda, a salir campeones en sus clubes y lo est\u00e1n aportando en Selecci\u00f3n\u201d, culmin\u00f3.<\/p>\n<blockquote class=\"twitter-tweet\" data-lang=\"es\"><p>\n&#8220;La mentalidad del grupo es el primer lugar; mientras m\u00e1s alto apuntes, m\u00e1s lejos vas a llegar&#8221;: <a href=\"https:\/\/twitter.com\/OribePeralta\">@OribePeralta<\/a> <a href=\"https:\/\/twitter.com\/hashtag\/AmericaParaLosMexicanos?src=hash\">#AmericaParaLosMexicanos<\/a><\/p>\n<p>\u2014 Selecci\u00f3n Nacional (@miseleccionmx) <a href=\"https:\/\/twitter.com\/miseleccionmx\/status\/741694845106847745\">11 de junio de 2016<\/a>\n<\/p><\/blockquote>\n<p><script src=\"\/\/platform.twitter.com\/widgets.js\" async=\"\" charset=\"utf-8\"><\/script><\/p>\n","protected":false},"excerpt":{"rendered":"<p>\u201cEn M\u00e9xico tampoco pasamos buenos tiempos\u201d, se\u00f1al\u00f3<\/p>\n","protected":false},"author":20,"featured_media":403199,"comment_status":"closed","ping_status":"closed","sticky":false,"template":"","format":"standard","meta":[],"categories":[6950,2198,3847,6951],"tags":[5979],"_links":{"self":[{"href":"http:\/\/desarrollo.grupomedios.com\/futbol\/wp-json\/wp\/v2\/posts\/403197"}],"collection":[{"href":"http:\/\/desarrollo.grupomedios.com\/futbol\/wp-json\/wp\/v2\/posts"}],"about":[{"href":"http:\/\/desarrollo.grupomedios.com\/futbol\/wp-json\/wp\/v2\/types\/post"}],"author":[{"embeddable":true,"href":"http:\/\/desarrollo.grupomedios.com\/futbol\/wp-json\/wp\/v2\/users\/20"}],"replies":[{"embeddable":true,"href":"http:\/\/desarrollo.grupomedios.com\/futbol\/wp-json\/wp\/v2\/comments?post=403197"}],"version-history":[{"count":0,"href":"http:\/\/desarrollo.grupomedios.com\/futbol\/wp-json\/wp\/v2\/posts\/403197\/revisions"}],"wp:featuredmedia":[{"embeddable":true,"href":"http:\/\/desarrollo.grupomedios.com\/futbol\/wp-json\/wp\/v2\/media\/403199"}],"wp:attachment":[{"href":"http:\/\/desarrollo.grupomedios.com\/futbol\/wp-json\/wp\/v2\/media?parent=403197"}],"wp:term":[{"taxonomy":"category","embeddable":true,"href":"http:\/\/desarrollo.grupomedios.com\/futbol\/wp-json\/wp\/v2\/categories?post=403197"},{"taxonomy":"post_tag","embeddable":true,"href":"http:\/\/desarrollo.grupomedios.com\/futbol\/wp-json\/wp\/v2\/tags?post=403197"}],"curies":[{"name":"wp","href":"https:\/\/api.w.org\/{rel}","templated":true}]}}