{"id":403209,"date":"2016-06-11T20:22:56","date_gmt":"2016-06-12T02:22:56","guid":{"rendered":"http:\/\/www.futboltotal.com.mx\/?p=403209"},"modified":"2016-06-11T20:22:56","modified_gmt":"2016-06-12T02:22:56","slug":"claudio-riano-nuevo-jugador-del-necaxa","status":"publish","type":"post","link":"http:\/\/desarrollo.grupomedios.com\/futbol\/futbol-mexicano\/claudio-riano-nuevo-jugador-del-necaxa\/2016\/06","title":{"rendered":"Claudio Ria\u00f1o, nuevo jugador del Necaxa"},"content":{"rendered":"<p>A diferencia de Dorados, <strong>Necaxa<\/strong> apost\u00f3 por el talento extranjero con miras a mantenerse en el m\u00e1ximo circuito, pues en esta ocasi\u00f3n anunci\u00f3 al delantero argentino, <strong>Claudio Ria\u00f1o<\/strong> como su nuevo jugador.<\/p>\n<p>El ariete de 27 a\u00f1os de edad procede del Uni\u00f3n, pero en su trayectoria figuran clubes como Racing, Talleres, Boca Juniors, San Mart\u00edn e Independiente.<\/p>\n<blockquote class=\"twitter-tweet\" data-lang=\"es\">\n<p dir=\"ltr\" lang=\"es\">\u00a1Tenemos nuevo Rayo! \u00a1Bienvenido Claudio Ria\u00f1o a <a href=\"https:\/\/twitter.com\/ClubNecaxa\">@ClubNecaxa<\/a>! <a href=\"https:\/\/t.co\/VZC7c12Q2a\">pic.twitter.com\/VZC7c12Q2a<\/a><\/p>\n<p>\u2014 Club Necaxa (@ClubNecaxa) <a href=\"https:\/\/twitter.com\/ClubNecaxa\/status\/741801632690626560\">12 de junio de 2016<\/a><\/p><\/blockquote>\n<p><script src=\"\/\/platform.twitter.com\/widgets.js\" async=\"\" charset=\"utf-8\"><\/script><\/p>\n<p>Destaca que <strong>Necaxa<\/strong> ser\u00e1 el primer club for\u00e1neo en el que milite <strong>Claudio Ria\u00f1o<\/strong>, quien en los \u00faltimos 14 partidos, se adjudic\u00f3 siete anotaciones.<\/p>\n<p>Esta es la octava incorporaci\u00f3n ppara los <em>Rayos<\/em>, tras los arribos de Severo Meza (Dorados),\u00a0Edson Puch (Liga Deportiva), Manuel Iturra (Rayo Vallecano), Alejandro D\u00edaz (Am\u00e9rica), Jes\u00fas Ch\u00e1vez (Xolos), Fernando Meza (Palestino), Jairo Gonz\u00e1lez (Leones Negros).<\/p>\n<p><iframe loading=\"lazy\" src=\"https:\/\/www.youtube.com\/embed\/mY97SahvXus\" frameborder=\"0\" allowfullscreen=\"allowfullscreen\"><\/iframe><\/p>\n","protected":false},"excerpt":{"rendered":"<p>El delantero argentino procede del Uni\u00f3n<\/p>\n","protected":false},"author":20,"featured_media":403210,"comment_status":"closed","ping_status":"closed","sticky":false,"template":"","format":"standard","meta":[],"categories":[2198,3845,5950],"tags":[261],"_links":{"self":[{"href":"http:\/\/desarrollo.grupomedios.com\/futbol\/wp-json\/wp\/v2\/posts\/403209"}],"collection":[{"href":"http:\/\/desarrollo.grupomedios.com\/futbol\/wp-json\/wp\/v2\/posts"}],"about":[{"href":"http:\/\/desarrollo.grupomedios.com\/futbol\/wp-json\/wp\/v2\/types\/post"}],"author":[{"embeddable":true,"href":"http:\/\/desarrollo.grupomedios.com\/futbol\/wp-json\/wp\/v2\/users\/20"}],"replies":[{"embeddable":true,"href":"http:\/\/desarrollo.grupomedios.com\/futbol\/wp-json\/wp\/v2\/comments?post=403209"}],"version-history":[{"count":0,"href":"http:\/\/desarrollo.grupomedios.com\/futbol\/wp-json\/wp\/v2\/posts\/403209\/revisions"}],"wp:featuredmedia":[{"embeddable":true,"href":"http:\/\/desarrollo.grupomedios.com\/futbol\/wp-json\/wp\/v2\/media\/403210"}],"wp:attachment":[{"href":"http:\/\/desarrollo.grupomedios.com\/futbol\/wp-json\/wp\/v2\/media?parent=403209"}],"wp:term":[{"taxonomy":"category","embeddable":true,"href":"http:\/\/desarrollo.grupomedios.com\/futbol\/wp-json\/wp\/v2\/categories?post=403209"},{"taxonomy":"post_tag","embeddable":true,"href":"http:\/\/desarrollo.grupomedios.com\/futbol\/wp-json\/wp\/v2\/tags?post=403209"}],"curies":[{"name":"wp","href":"https:\/\/api.w.org\/{rel}","templated":true}]}}