{"id":403224,"date":"2016-06-11T21:47:12","date_gmt":"2016-06-12T03:47:12","guid":{"rendered":"http:\/\/www.futboltotal.com.mx\/?p=403224"},"modified":"2016-06-11T21:47:12","modified_gmt":"2016-06-12T03:47:12","slug":"rodrigo-mora-a-paso-del-cruz-azul","status":"publish","type":"post","link":"http:\/\/desarrollo.grupomedios.com\/futbol\/futbol-mexicano\/rodrigo-mora-a-paso-del-cruz-azul\/2016\/06","title":{"rendered":"Rodrigo Mora, \u00bfa un paso del Cruz Azul?"},"content":{"rendered":"<p>Fiel a su estilo, <strong><a href=\"http:\/\/futboltotal.com.mx\/equipos\/cruz-azul\/\" target=\"_blank\">Cruz Azul<\/a><\/strong> apostar\u00e1 al mercado extranjero, entre los numerosos nombres que suenan, destaca que el delantero uruguayo de 28 a\u00f1os de edad, <strong>Rodrigo Mora<\/strong>, estar\u00eda a un paso de la Noria.<\/p>\n<p>De acuerdo con la prensa argentina, el jugador de River Plate y la <em>M\u00e1quina<\/em> ya llegaron a un acuerdo y ser\u00e1 la pr\u00f3xima semana que se anuncie de forma oficial el fichaje.<\/p>\n<p><iframe loading=\"lazy\" src=\"https:\/\/www.youtube.com\/embed\/pwAtNOXbvuU\" frameborder=\"0\" allowfullscreen=\"allowfullscreen\"><\/iframe><\/p>\n<p><strong>Rodrigo Mora<\/strong> debut\u00f3 en 2007 con el Juventud Las Piedras de Uruguay, posteriormente pas\u00f3 por las filas del Defensor Sporting y Cerro. En 2011, prob\u00f3 suerte en Europa al firmar con Benfica, pero poco le dur\u00f3 el gusto ya que no logr\u00f3 adaptarse.<\/p>\n<p>El ariete tambi\u00e9n defendi\u00f3 las camisetas de Universidad de Chile y River Plate; con este \u00faltimo careci\u00f3 de oportunidades en 2016 al sumar apenas cuatro goles en 650 minutos.<\/p>\n<p>En caso de confirmarse el traspaso, esta ser\u00e1 la cuarta incorporaci\u00f3n del\u00a0<strong>Cruz Azul<\/strong>, toda vez que llegaron Adi\u00e1n Aldrete, Juli\u00e1n Vel\u00e1zquez y Jes\u00fas Garc\u00eda.<\/p>\n","protected":false},"excerpt":{"rendered":"<p>La prensa argentina da como un hecho el traspaso <\/p>\n","protected":false},"author":20,"featured_media":403225,"comment_status":"closed","ping_status":"closed","sticky":false,"template":"","format":"standard","meta":[],"categories":[2198,3845,5950],"tags":[5962],"_links":{"self":[{"href":"http:\/\/desarrollo.grupomedios.com\/futbol\/wp-json\/wp\/v2\/posts\/403224"}],"collection":[{"href":"http:\/\/desarrollo.grupomedios.com\/futbol\/wp-json\/wp\/v2\/posts"}],"about":[{"href":"http:\/\/desarrollo.grupomedios.com\/futbol\/wp-json\/wp\/v2\/types\/post"}],"author":[{"embeddable":true,"href":"http:\/\/desarrollo.grupomedios.com\/futbol\/wp-json\/wp\/v2\/users\/20"}],"replies":[{"embeddable":true,"href":"http:\/\/desarrollo.grupomedios.com\/futbol\/wp-json\/wp\/v2\/comments?post=403224"}],"version-history":[{"count":0,"href":"http:\/\/desarrollo.grupomedios.com\/futbol\/wp-json\/wp\/v2\/posts\/403224\/revisions"}],"wp:featuredmedia":[{"embeddable":true,"href":"http:\/\/desarrollo.grupomedios.com\/futbol\/wp-json\/wp\/v2\/media\/403225"}],"wp:attachment":[{"href":"http:\/\/desarrollo.grupomedios.com\/futbol\/wp-json\/wp\/v2\/media?parent=403224"}],"wp:term":[{"taxonomy":"category","embeddable":true,"href":"http:\/\/desarrollo.grupomedios.com\/futbol\/wp-json\/wp\/v2\/categories?post=403224"},{"taxonomy":"post_tag","embeddable":true,"href":"http:\/\/desarrollo.grupomedios.com\/futbol\/wp-json\/wp\/v2\/tags?post=403224"}],"curies":[{"name":"wp","href":"https:\/\/api.w.org\/{rel}","templated":true}]}}