{"id":403230,"date":"2016-06-11T21:57:54","date_gmt":"2016-06-12T03:57:54","guid":{"rendered":"http:\/\/www.futboltotal.com.mx\/?p=403230"},"modified":"2016-06-11T21:57:54","modified_gmt":"2016-06-12T03:57:54","slug":"chocan-auto-tuca-ferretti-dt-explota","status":"publish","type":"post","link":"http:\/\/desarrollo.grupomedios.com\/futbol\/videos\/chocan-auto-tuca-ferretti-dt-explota\/2016\/06","title":{"rendered":"Chocan auto de Tuca Ferretti y el DT explota"},"content":{"rendered":"<p>El t\u00e9cnico de <strong><a href=\"http:\/\/futboltotal.com.mx\/equipos\/tigres\/\" target=\"_blank\">Tigres<\/a><\/strong>, <strong>Ricardo <em>Tuca <\/em>Ferretti<\/strong>, tuvo un percance automovil\u00edstico en el cual chocaron su Ferrari; para fortuna de los implicados el golpe fue menor, sin embargo, esto no impidi\u00f3 que el estratega explotara y arremetiera contra el sujeto que propici\u00f3 el siniestro.<\/p>\n<p><iframe loading=\"lazy\" src=\"https:\/\/www.youtube.com\/embed\/fQPTqgIxYGk\" frameborder=\"0\" allowfullscreen=\"allowfullscreen\"><\/iframe><\/p>\n","protected":false},"excerpt":{"rendered":"<p>El entrenador de Tigres mostr\u00f3 su temperamento\u2026 otra vez<\/p>\n","protected":false},"author":20,"featured_media":403231,"comment_status":"closed","ping_status":"closed","sticky":false,"template":"","format":"standard","meta":[],"categories":[5419,2198,3845,4],"tags":[104,5973],"_links":{"self":[{"href":"http:\/\/desarrollo.grupomedios.com\/futbol\/wp-json\/wp\/v2\/posts\/403230"}],"collection":[{"href":"http:\/\/desarrollo.grupomedios.com\/futbol\/wp-json\/wp\/v2\/posts"}],"about":[{"href":"http:\/\/desarrollo.grupomedios.com\/futbol\/wp-json\/wp\/v2\/types\/post"}],"author":[{"embeddable":true,"href":"http:\/\/desarrollo.grupomedios.com\/futbol\/wp-json\/wp\/v2\/users\/20"}],"replies":[{"embeddable":true,"href":"http:\/\/desarrollo.grupomedios.com\/futbol\/wp-json\/wp\/v2\/comments?post=403230"}],"version-history":[{"count":0,"href":"http:\/\/desarrollo.grupomedios.com\/futbol\/wp-json\/wp\/v2\/posts\/403230\/revisions"}],"wp:featuredmedia":[{"embeddable":true,"href":"http:\/\/desarrollo.grupomedios.com\/futbol\/wp-json\/wp\/v2\/media\/403231"}],"wp:attachment":[{"href":"http:\/\/desarrollo.grupomedios.com\/futbol\/wp-json\/wp\/v2\/media?parent=403230"}],"wp:term":[{"taxonomy":"category","embeddable":true,"href":"http:\/\/desarrollo.grupomedios.com\/futbol\/wp-json\/wp\/v2\/categories?post=403230"},{"taxonomy":"post_tag","embeddable":true,"href":"http:\/\/desarrollo.grupomedios.com\/futbol\/wp-json\/wp\/v2\/tags?post=403230"}],"curies":[{"name":"wp","href":"https:\/\/api.w.org\/{rel}","templated":true}]}}