{"id":403241,"date":"2016-06-12T10:03:08","date_gmt":"2016-06-12T16:03:08","guid":{"rendered":"http:\/\/www.futboltotal.com.mx\/?p=403241"},"modified":"2016-06-12T10:03:08","modified_gmt":"2016-06-12T16:03:08","slug":"aficionado-salta-al-campo-besa-a-modric","status":"publish","type":"post","link":"http:\/\/desarrollo.grupomedios.com\/futbol\/videos\/aficionado-salta-al-campo-besa-a-modric\/2016\/06","title":{"rendered":"Aficionado salta al campo y besa a Modric"},"content":{"rendered":"<p>Un aficionado croata logr\u00f3 colarse en el c\u00e9sped del Parque de los Pr\u00edncipes cuando<strong> Luka Modric<\/strong> festejaba el primer gol de Croacia contra Turqu\u00eda.<\/p>\n<p>Vestido con la camiseta de damero rojiblanca t\u00edpica de<strong> Croacia<\/strong>, el aficionado burl\u00f3 la vigilancia de los empleados de seguridad que rodean todo el campo.<\/p>\n<p style=\"text-align: center;\"><span style=\"color: #3366ff;\"><strong><a style=\"color: #3366ff;\" href=\"http:\/\/www.futboltotal.com.mx\/2016\/06\/mordio\/\">LEER M\u00c1S: Un golazo de Modric sella triunfo de Croacia<\/a><\/strong><\/span><\/p>\n<p><iframe loading=\"lazy\" src=\"https:\/\/www.youtube.com\/embed\/pTZCbl25-jg\" frameborder=\"0\" allowfullscreen=\"allowfullscreen\"><\/iframe><br \/>\nEn el momento en el que <strong>Modric<\/strong> se acercaba a la banda donde se concentraba una parte de los aficionados de su selecci\u00f3n, el aficionado salt\u00f3 al campo y durante unos segundos festej\u00f3 el gol junto a los jugadores.<\/p>\n<p>Posteriormente, fue sacado de la mel\u00e9 de jugadores pero logr\u00f3 escapar y volver a las gradas, donde fue ocultado por otros aficionados.<\/p>\n","protected":false},"excerpt":{"rendered":"<p>En plena celebraci\u00f3n un fan\u00e1tico sorprendi\u00f3 al crack croata<\/p>\n","protected":false},"author":20,"featured_media":403242,"comment_status":"closed","ping_status":"closed","sticky":false,"template":"","format":"standard","meta":[],"categories":[6995,3839,4,7001],"tags":[1393,477],"_links":{"self":[{"href":"http:\/\/desarrollo.grupomedios.com\/futbol\/wp-json\/wp\/v2\/posts\/403241"}],"collection":[{"href":"http:\/\/desarrollo.grupomedios.com\/futbol\/wp-json\/wp\/v2\/posts"}],"about":[{"href":"http:\/\/desarrollo.grupomedios.com\/futbol\/wp-json\/wp\/v2\/types\/post"}],"author":[{"embeddable":true,"href":"http:\/\/desarrollo.grupomedios.com\/futbol\/wp-json\/wp\/v2\/users\/20"}],"replies":[{"embeddable":true,"href":"http:\/\/desarrollo.grupomedios.com\/futbol\/wp-json\/wp\/v2\/comments?post=403241"}],"version-history":[{"count":0,"href":"http:\/\/desarrollo.grupomedios.com\/futbol\/wp-json\/wp\/v2\/posts\/403241\/revisions"}],"wp:featuredmedia":[{"embeddable":true,"href":"http:\/\/desarrollo.grupomedios.com\/futbol\/wp-json\/wp\/v2\/media\/403242"}],"wp:attachment":[{"href":"http:\/\/desarrollo.grupomedios.com\/futbol\/wp-json\/wp\/v2\/media?parent=403241"}],"wp:term":[{"taxonomy":"category","embeddable":true,"href":"http:\/\/desarrollo.grupomedios.com\/futbol\/wp-json\/wp\/v2\/categories?post=403241"},{"taxonomy":"post_tag","embeddable":true,"href":"http:\/\/desarrollo.grupomedios.com\/futbol\/wp-json\/wp\/v2\/tags?post=403241"}],"curies":[{"name":"wp","href":"https:\/\/api.w.org\/{rel}","templated":true}]}}