{"id":403244,"date":"2016-06-12T09:00:47","date_gmt":"2016-06-12T15:00:47","guid":{"rendered":"http:\/\/www.futboltotal.com.mx\/?p=403244"},"modified":"2016-06-12T11:09:10","modified_gmt":"2016-06-12T17:09:10","slug":"rusia-podria-eliminada-la-euro","status":"publish","type":"post","link":"http:\/\/desarrollo.grupomedios.com\/futbol\/destacado-home\/rusia-podria-eliminada-la-euro\/2016\/06","title":{"rendered":"UEFA podr\u00eda descalificar a Rusia e Inglaterra"},"content":{"rendered":"<p>La <strong>UEFA<\/strong>\u00a0abri\u00f3 un expediente disciplinario contra la selecci\u00f3n de\u00a0<strong>Rusia<\/strong> por la pelea que protagonizaron aficionados rusos contra ingleses durante el final del juego disputado este s\u00e1bado en Marsella.<\/p>\n<p>El ente balomp\u00e9dico acus\u00f3 a los rusos de haber \u201cperturbado\u201d el final del partido, que termin\u00f3 en empate 1-1, as\u00ed como de \u201ccomportamientos racistas\u201d y de haber prendido bengalas, por lo cual, adem\u00e1s de examinar el caso para determinar la sanci\u00f3n, no descarta descalificar potencialmente tanto a <strong>Rusia<\/strong> como a su similar de <strong>Inglaterra<\/strong>.<\/p>\n<p style=\"text-align: center;\"><span style=\"color: #3366ff;\"><a style=\"color: #3366ff;\" href=\"http:\/\/www.futboltotal.com.mx\/2016\/06\/rusia-le-roba-la-victoria-a-inglaterra\/\"><strong>LEER M\u00c1S: Rusia rescata el empate ante Inglaterra<\/strong><\/a><\/span><\/p>\n<p><a href=\"http:\/\/www.futboltotal.com.mx\/wp-content\/uploads\/2016\/06\/Pelea.jpg\" rel=\"attachment wp-att-403245\"><img decoding=\"async\" loading=\"lazy\" class=\"alignnone size-full wp-image-403245\" src=\"http:\/\/www.futboltotal.com.mx\/wp-content\/uploads\/2016\/06\/Pelea.jpg\" alt=\"Pelea\" srcset=\"http:\/\/desarrollo.grupomedios.com\/futbol\/wp-content\/uploads\/2016\/06\/Pelea.jpg 858w, http:\/\/desarrollo.grupomedios.com\/futbol\/wp-content\/uploads\/2016\/06\/Pelea-300x151.jpg 300w, http:\/\/desarrollo.grupomedios.com\/futbol\/wp-content\/uploads\/2016\/06\/Pelea-768x386.jpg 768w, http:\/\/desarrollo.grupomedios.com\/futbol\/wp-content\/uploads\/2016\/06\/Pelea-340x171.jpg 340w\" sizes=\"(max-width: 858px) 100vw, 858px\" \/><\/a>\u00a0&#8220;Se ha advertido a ambas federaciones que, independientemente de las decisiones adoptadas por los \u00f3rganos disciplinarios independientes relativos a los incidentes dentro del estadio, no dudar\u00e1 en imponer sanciones adicionales, incluyendo la descalificaci\u00f3n potencial de <strong>Rusia<\/strong> e <strong>Inglaterra<\/strong> del torneo en caso de producirse este tipo de violencia de nuevo&#8221;, public\u00f3 el organismo en un comunicado.<\/p>\n<p>El juego estuvo precedido adem\u00e1s de numerosos incidentes violentos entre aficionados ingleses, principalmente, y de varios pa\u00edses m\u00e1s, entre ellos rusos, en las horas y d\u00edas previos en el centro de Marsella, con el resultado de varios heridos, uno de ellos de extrema gravedad, y de detenidos.<br \/>\n<iframe loading=\"lazy\" src=\"https:\/\/www.youtube.com\/embed\/mSTIMQyZmYo\" frameborder=\"0\" allowfullscreen=\"allowfullscreen\"><\/iframe><br \/>\nEl partido estaba considerado de alta peligrosidad y de momento es el que ha generado m\u00e1s incidentes violentos desde el comienzo del torneo el pasado viernes.<\/p>\n<p>Al inicio del encuentro, disputado en la noche local, los aficionados ingleses, mayoritarios en el estadio de Marsella, pitaron el himno ruso durante su interpretaci\u00f3n.<\/p>\n","protected":false},"excerpt":{"rendered":"<p>El organismo sancionar\u00e1 la pelea entre aficionados de ambas selecciones <\/p>\n","protected":false},"author":20,"featured_media":403246,"comment_status":"closed","ping_status":"closed","sticky":false,"template":"","format":"standard","meta":[],"categories":[5,6995,3839],"tags":[5537,603,1063],"_links":{"self":[{"href":"http:\/\/desarrollo.grupomedios.com\/futbol\/wp-json\/wp\/v2\/posts\/403244"}],"collection":[{"href":"http:\/\/desarrollo.grupomedios.com\/futbol\/wp-json\/wp\/v2\/posts"}],"about":[{"href":"http:\/\/desarrollo.grupomedios.com\/futbol\/wp-json\/wp\/v2\/types\/post"}],"author":[{"embeddable":true,"href":"http:\/\/desarrollo.grupomedios.com\/futbol\/wp-json\/wp\/v2\/users\/20"}],"replies":[{"embeddable":true,"href":"http:\/\/desarrollo.grupomedios.com\/futbol\/wp-json\/wp\/v2\/comments?post=403244"}],"version-history":[{"count":0,"href":"http:\/\/desarrollo.grupomedios.com\/futbol\/wp-json\/wp\/v2\/posts\/403244\/revisions"}],"wp:featuredmedia":[{"embeddable":true,"href":"http:\/\/desarrollo.grupomedios.com\/futbol\/wp-json\/wp\/v2\/media\/403246"}],"wp:attachment":[{"href":"http:\/\/desarrollo.grupomedios.com\/futbol\/wp-json\/wp\/v2\/media?parent=403244"}],"wp:term":[{"taxonomy":"category","embeddable":true,"href":"http:\/\/desarrollo.grupomedios.com\/futbol\/wp-json\/wp\/v2\/categories?post=403244"},{"taxonomy":"post_tag","embeddable":true,"href":"http:\/\/desarrollo.grupomedios.com\/futbol\/wp-json\/wp\/v2\/tags?post=403244"}],"curies":[{"name":"wp","href":"https:\/\/api.w.org\/{rel}","templated":true}]}}