{"id":403263,"date":"2016-06-12T13:11:10","date_gmt":"2016-06-12T19:11:10","guid":{"rendered":"http:\/\/www.futboltotal.com.mx\/?p=403263"},"modified":"2016-06-12T13:13:03","modified_gmt":"2016-06-12T19:13:03","slug":"mosquera-ficha-deportivo-cali","status":"publish","type":"post","link":"http:\/\/desarrollo.grupomedios.com\/futbol\/futbol-mexicano\/mosquera-ficha-deportivo-cali\/2016\/06","title":{"rendered":"Mosquera deja al Pachuca y regresa a Colombia"},"content":{"rendered":"<p>El defensa central\u00a0<strong>Aquivaldo Mosquera<\/strong> pone fin a su etapa por el futbol mexicano y a partir del pr\u00f3ximo semestre volver\u00e1 a su natal Colombia para vestir la camiseta del <strong>Deportivo Cali<\/strong>.<\/p>\n<p><strong>Mosquera, <\/strong>de 34 a\u00f1os, deja al <strong>Pachuca<\/strong> despu\u00e9s de haber vivido un segunda etapa en el club que le permiti\u00f3 incursionar en M\u00e9xico en el lejano 2005, y con el que recientemente consigui\u00f3 el campeonato del torneo Clausura \u00a02016.<\/p>\n<p style=\"text-align: center;\"><span style=\"color: #3366ff;\"><strong><a style=\"color: #3366ff;\" href=\"http:\/\/www.futboltotal.com.mx\/2016\/06\/futbol-estufa-rumbo-al-apertura-2016-altas-bajas-rumores\/\">LEER M\u00c1S: Altas, bajas y rumores para el Apertura 2016<\/a><\/strong><\/span><\/p>\n<p>El zaguero alcanz\u00f3 un acuerdo con el <strong>Deportivo Cali<\/strong> y firmar\u00e1 contrato por un a\u00f1o y la pr\u00f3xima semana tendr\u00e1 que reportar con el club para presentar pruebas m\u00e9dicas, seg\u00fan inform\u00f3 el club a trav\u00e9s de su cuenta de <em>twitter.<\/em><\/p>\n<blockquote class=\"twitter-tweet\" data-lang=\"es\">\n<p dir=\"ltr\" lang=\"es\">Aquivaldo Mosquera ser\u00e1 Verdiblanco. El defensor lleg\u00f3 a un acuerdo con el club por un a\u00f1o. El lunes 20 junio presentar\u00e1 ex\u00e1menes m\u00e9dicos.<\/p>\n<p>\u2014 Deportivo Cali (@AsoDeporCali) <a href=\"https:\/\/twitter.com\/AsoDeporCali\/status\/742057132649029634\">12 de junio de 2016<\/a><\/p><\/blockquote>\n<p><script src=\"\/\/platform.twitter.com\/widgets.js\" async=\"\" charset=\"utf-8\"><\/script><\/p>\n<p><strong>Aquivaldo Mosquera\u00a0<\/strong>regresa para vivir el ocaso de su carrera y como todo un campe\u00f3n, pues con Pachuca \u00a0consigui\u00f3 un total de cinco t\u00edtulos y con Am\u00e9rica otro m\u00e1s. Ahora llega al cuarto club m\u00e1s ganador de Colombia para tratar d sumar otro cetro m\u00e1s a su envidiable palmar\u00e9s.<\/p>\n","protected":false},"excerpt":{"rendered":"<p>El defensa central pone fin a su etapa por el futbol mexicano<\/p>\n","protected":false},"author":20,"featured_media":403265,"comment_status":"closed","ping_status":"closed","sticky":false,"template":"","format":"standard","meta":[],"categories":[2198,3845,5950],"tags":[7176,6005,73],"_links":{"self":[{"href":"http:\/\/desarrollo.grupomedios.com\/futbol\/wp-json\/wp\/v2\/posts\/403263"}],"collection":[{"href":"http:\/\/desarrollo.grupomedios.com\/futbol\/wp-json\/wp\/v2\/posts"}],"about":[{"href":"http:\/\/desarrollo.grupomedios.com\/futbol\/wp-json\/wp\/v2\/types\/post"}],"author":[{"embeddable":true,"href":"http:\/\/desarrollo.grupomedios.com\/futbol\/wp-json\/wp\/v2\/users\/20"}],"replies":[{"embeddable":true,"href":"http:\/\/desarrollo.grupomedios.com\/futbol\/wp-json\/wp\/v2\/comments?post=403263"}],"version-history":[{"count":0,"href":"http:\/\/desarrollo.grupomedios.com\/futbol\/wp-json\/wp\/v2\/posts\/403263\/revisions"}],"wp:featuredmedia":[{"embeddable":true,"href":"http:\/\/desarrollo.grupomedios.com\/futbol\/wp-json\/wp\/v2\/media\/403265"}],"wp:attachment":[{"href":"http:\/\/desarrollo.grupomedios.com\/futbol\/wp-json\/wp\/v2\/media?parent=403263"}],"wp:term":[{"taxonomy":"category","embeddable":true,"href":"http:\/\/desarrollo.grupomedios.com\/futbol\/wp-json\/wp\/v2\/categories?post=403263"},{"taxonomy":"post_tag","embeddable":true,"href":"http:\/\/desarrollo.grupomedios.com\/futbol\/wp-json\/wp\/v2\/tags?post=403263"}],"curies":[{"name":"wp","href":"https:\/\/api.w.org\/{rel}","templated":true}]}}