{"id":403316,"date":"2016-06-12T16:45:19","date_gmt":"2016-06-12T22:45:19","guid":{"rendered":"http:\/\/www.futboltotal.com.mx\/?p=403316"},"modified":"2016-06-12T16:45:19","modified_gmt":"2016-06-12T22:45:19","slug":"amenazo-marcharse-del-club-lo-demandan","status":"publish","type":"post","link":"http:\/\/desarrollo.grupomedios.com\/futbol\/futbol-internacional\/amenazo-marcharse-del-club-lo-demandan\/2016\/06","title":{"rendered":"Amenaz\u00f3 con marcharse del club\u2026 \u00a1Y lo demandan!"},"content":{"rendered":"<p>Kalidou Koulibaly, defensor franc\u00e9s del <strong>N\u00e1poles<\/strong>,\u00a0amenaz\u00f3 con salir del club. Y ahora, el los dirigentes del cuadro napolitano\u00a0planean demandarlo.<\/p>\n<p>&#8220;Creo que me ir\u00e9&#8221;, fue la declaraci\u00f3n que hizo Koulibaly, quien se presume habr\u00eda sido tentado por grandes clubes del futbol europeo. Sin embrago, las palabras del defensa franc\u00e9s no cayeron bien en la entidad napolitana\u00a0e incluso\u00a0el presidente del equipo, Aurelio Di Laurentiis, asegur\u00f3 que el hecho da\u00f1\u00f3 gravemente la imagen de la instituci\u00f3n.<\/p>\n<p style=\"text-align: center;\"><span style=\"color: #3366ff;\"><strong><a style=\"color: #3366ff;\" href=\"http:\/\/www.futboltotal.com.mx\/2016\/06\/las-frases-graciosas-los-futbolistas\/\">LEER M\u00c1S: Las frases m\u00e1s graciosas de los futbolistas<\/a><\/strong><\/span><\/p>\n<p>&#8220;No habr\u00e1 una simple multa sino algo m\u00e1s,\u00a0porque ha incumplido las obligaciones reflejadas en varios contratos de imagen que firm\u00f3. Nuestros abogados le pedir\u00e1n varios millones por da\u00f1os&#8221;, afirm\u00f3 el\u00a0directivo italiano, quien\u00a0fue tajante y asegur\u00f3 que el futbolista &#8220;tiene un contrato de tres a\u00f1os y no va a salir del N\u00e1poles por ning\u00fan motivo&#8221;.<\/p>\n<p>&#8220;La imagen de Koulibaly ha perdido credibilidad, ahora su camiseta es invendible. Ha creado da\u00f1os de millones de euros&#8221;, agreg\u00f3 Di Laurentiis, al tiempo que\u00a0explic\u00f3 que varios millones de euros son los que han dejado de ingresar al equipo.<\/p>\n<p style=\"text-align: center;\"><strong><span style=\"color: #3366ff;\"><a style=\"color: #3366ff;\" href=\"http:\/\/www.futboltotal.com.mx\/2016\/06\/chocan-auto-tuca-ferretti-dt-explota\/\">LEER M\u00c1S: Chocan auto de Tuca&#8230; \u00a1Y\u00a0el DT explota!<\/a><\/span><\/strong><\/p>\n<p>Sobre Aurelio Di\u00a0Laurentiis se sabe que es\u00a0conocido por ser uno de los directivos m\u00e1s rectos de la liga italiana\u00a0y que\u00a0los clubes que quiere fichar a sus jugadores deben acceder a sus condiciones y pagar la cantidad de millones que solicita,\u00a0puesto que de lo contrario no le tiembla el pulso en romper las negociaciones.<\/p>\n","protected":false},"excerpt":{"rendered":"<p>El presidente del N\u00e1poles acusa da\u00f1os por millones de euros<\/p>\n","protected":false},"author":20,"featured_media":403318,"comment_status":"closed","ping_status":"closed","sticky":false,"template":"","format":"standard","meta":[],"categories":[3839,3848],"tags":[359,160],"_links":{"self":[{"href":"http:\/\/desarrollo.grupomedios.com\/futbol\/wp-json\/wp\/v2\/posts\/403316"}],"collection":[{"href":"http:\/\/desarrollo.grupomedios.com\/futbol\/wp-json\/wp\/v2\/posts"}],"about":[{"href":"http:\/\/desarrollo.grupomedios.com\/futbol\/wp-json\/wp\/v2\/types\/post"}],"author":[{"embeddable":true,"href":"http:\/\/desarrollo.grupomedios.com\/futbol\/wp-json\/wp\/v2\/users\/20"}],"replies":[{"embeddable":true,"href":"http:\/\/desarrollo.grupomedios.com\/futbol\/wp-json\/wp\/v2\/comments?post=403316"}],"version-history":[{"count":0,"href":"http:\/\/desarrollo.grupomedios.com\/futbol\/wp-json\/wp\/v2\/posts\/403316\/revisions"}],"wp:featuredmedia":[{"embeddable":true,"href":"http:\/\/desarrollo.grupomedios.com\/futbol\/wp-json\/wp\/v2\/media\/403318"}],"wp:attachment":[{"href":"http:\/\/desarrollo.grupomedios.com\/futbol\/wp-json\/wp\/v2\/media?parent=403316"}],"wp:term":[{"taxonomy":"category","embeddable":true,"href":"http:\/\/desarrollo.grupomedios.com\/futbol\/wp-json\/wp\/v2\/categories?post=403316"},{"taxonomy":"post_tag","embeddable":true,"href":"http:\/\/desarrollo.grupomedios.com\/futbol\/wp-json\/wp\/v2\/tags?post=403316"}],"curies":[{"name":"wp","href":"https:\/\/api.w.org\/{rel}","templated":true}]}}