{"id":403424,"date":"2016-06-13T19:15:48","date_gmt":"2016-06-14T01:15:48","guid":{"rendered":"http:\/\/www.futboltotal.com.mx\/?p=403424"},"modified":"2016-06-13T20:12:36","modified_gmt":"2016-06-14T02:12:36","slug":"en-vivo-mexico-vs-venezuela-copa-america","status":"publish","type":"post","link":"http:\/\/desarrollo.grupomedios.com\/futbol\/futbol-mexicano\/en-vivo-mexico-vs-venezuela-copa-america\/2016\/06","title":{"rendered":"AS\u00cd SE VIVI\u00d3 | M\u00e9xico 1-1 Venezuela | Copa Am\u00e9rica"},"content":{"rendered":"<p><a class=\"twitter-timeline\" href=\"https:\/\/twitter.com\/search?q=from%3Amiseleccionmx%2C%20OR%20from%3ASeleVinotinto\" data-widget-id=\"742500711376654337\">Tweets sobre from:miseleccionmx, OR from:SeleVinotinto<\/a><script>\/\/ <![CDATA[\n!function(d,s,id){var js,fjs=d.getElementsByTagName(s)[0],p=\/^http:\/.test(d.location)?'http':'https';if(!d.getElementById(id)){js=d.createElement(s);js.id=id;js.src=p+\":\/\/platform.twitter.com\/widgets.js\";fjs.parentNode.insertBefore(js,fjs);}}(document,\"script\",\"twitter-wjs\");\n\/\/ ]]><\/script><\/p>\n<p><span style=\"color: #ff0000;\">00:01<\/span>\u00a0S00:00 Le muestran tarjeta amarilla a Alexander Gonz\u00e1lez de Venezuela<\/p>\n<p><span style=\"color: #ff0000;\">00:00<\/span> SORPRESIVA ALINEACI\u00d3N DEL TRI<\/p>\n<blockquote class=\"twitter-tweet\" data-lang=\"es\">\n<p dir=\"ltr\" lang=\"es\">\u00a1Tenemos once inicial confirmado!<a href=\"https:\/\/twitter.com\/banamex\">@banamex<\/a> trae para ti la <a href=\"https:\/\/twitter.com\/hashtag\/Alineaci%C3%B3n?src=hash\">#Alineaci\u00f3n<\/a> del partido.<\/p>\n<p>\u00a1Vamos M\u00e9xico!<a href=\"https:\/\/twitter.com\/hashtag\/Cr%C3%A9etela?src=hash\">#Cr\u00e9etela<\/a> <a href=\"https:\/\/t.co\/68raNgaNPl\">pic.twitter.com\/68raNgaNPl<\/a><\/p>\n<p>\u2014 Selecci\u00f3n Nacional (@miseleccionmx) <a href=\"https:\/\/twitter.com\/miseleccionmx\/status\/742490869287116800\">13 de junio de 2016<\/a><\/p><\/blockquote>\n<p><script src=\"\/\/platform.twitter.com\/widgets.js\" async=\"\" charset=\"utf-8\"><\/script><\/p>\n<p>En el estadio NRG, de Houston, Texas, <strong>M\u00e9xico<\/strong> y <strong>Venezuela<\/strong> se ver\u00e1n las caras para definir al primer lugar del grupo C, con el fin de seguir con su buen paso y tratar de evitar a Argentina en los Cuartos de Final de la <strong>Copa Am\u00e9rica<\/strong>.<\/p>\n<p>La batalla comenzar\u00e1 a las 19:00 horas del centro de <strong>M\u00e9xico<\/strong>, donde la escuadra de Juan Carlos Osorio, probablemente vuelva a hacer modificaciones, tal y como lo ha hecho, desde su preparaci\u00f3n para la <strong>Copa Am\u00e9rica<\/strong>.<\/p>\n<p>Se especula que Jos\u00e9 de Jes\u00fas Corona tendr\u00eda participaci\u00f3n en el juego decisivo por el primer lugar del sector, para que se cumpla con la rotaci\u00f3n de porteros que prometi\u00f3 el estratega de la <a href=\"http:\/\/futboltotal.com.mx\/futbol-mexicano\/seleccion-mexicana\/\" target=\"_blank\"><strong>Selecci\u00f3n Mexicana<\/strong><\/a>.<\/p>\n<p><strong>Venezuela<\/strong> ha sido un dolor de cabeza para sus rivales en el \u00faltimo a\u00f1o, y en la edici\u00f3n actual de la <strong>Copa Am\u00e9rica<\/strong>, la situaci\u00f3n no ha cambiado, pues Jamaica sucumbi\u00f3 ante ellos y Uruguay pereci\u00f3 en sus aspiraciones de pelear por un t\u00edtulo m\u00e1s en el certamen.<\/p>\n<p>A pesar de que ambos equipos vencieron a los mismos rivales, hay cierta disparidad en la zona de definici\u00f3n, pues el <em>TRI<\/em> ha demostrado ser m\u00e1s efectivo que la <em>Vinotinto<\/em>, a la hora de hacer anotaciones; aunque en cuesti\u00f3n defensiva, los sudamericanos son ligeramente m\u00e1s fuertes.<\/p>\n<p>Los <em>aztecas<\/em> tienen cinco tantos a favor y s\u00f3lo uno en contra, mientras que los sudamericanos tienen s\u00f3lo dos goles a su cuenta y no han recibido anotaciones.<\/p>\n<p><strong>M\u00e9xico vs. Venezuela<\/strong>, \u00bfqui\u00e9n ganar\u00e1, <em>cracks<\/em>?<\/p>\n","protected":false},"excerpt":{"rendered":"<p>El TRI busca amarrar el primer lugar del grupo<\/p>\n","protected":false},"author":20,"featured_media":403580,"comment_status":"closed","ping_status":"closed","sticky":false,"template":"","format":"standard","meta":[],"categories":[6950,2198,3847,6951],"tags":[2130,142],"_links":{"self":[{"href":"http:\/\/desarrollo.grupomedios.com\/futbol\/wp-json\/wp\/v2\/posts\/403424"}],"collection":[{"href":"http:\/\/desarrollo.grupomedios.com\/futbol\/wp-json\/wp\/v2\/posts"}],"about":[{"href":"http:\/\/desarrollo.grupomedios.com\/futbol\/wp-json\/wp\/v2\/types\/post"}],"author":[{"embeddable":true,"href":"http:\/\/desarrollo.grupomedios.com\/futbol\/wp-json\/wp\/v2\/users\/20"}],"replies":[{"embeddable":true,"href":"http:\/\/desarrollo.grupomedios.com\/futbol\/wp-json\/wp\/v2\/comments?post=403424"}],"version-history":[{"count":0,"href":"http:\/\/desarrollo.grupomedios.com\/futbol\/wp-json\/wp\/v2\/posts\/403424\/revisions"}],"wp:featuredmedia":[{"embeddable":true,"href":"http:\/\/desarrollo.grupomedios.com\/futbol\/wp-json\/wp\/v2\/media\/403580"}],"wp:attachment":[{"href":"http:\/\/desarrollo.grupomedios.com\/futbol\/wp-json\/wp\/v2\/media?parent=403424"}],"wp:term":[{"taxonomy":"category","embeddable":true,"href":"http:\/\/desarrollo.grupomedios.com\/futbol\/wp-json\/wp\/v2\/categories?post=403424"},{"taxonomy":"post_tag","embeddable":true,"href":"http:\/\/desarrollo.grupomedios.com\/futbol\/wp-json\/wp\/v2\/tags?post=403424"}],"curies":[{"name":"wp","href":"https:\/\/api.w.org\/{rel}","templated":true}]}}