{"id":403425,"date":"2016-06-13T20:10:32","date_gmt":"2016-06-14T02:10:32","guid":{"rendered":"http:\/\/www.futboltotal.com.mx\/?p=403425"},"modified":"2016-06-14T11:35:20","modified_gmt":"2016-06-14T17:35:20","slug":"en-vivo-uruguay-vs-jamaica-copa-america","status":"publish","type":"post","link":"http:\/\/desarrollo.grupomedios.com\/futbol\/futbol-internacional\/en-vivo-uruguay-vs-jamaica-copa-america\/2016\/06","title":{"rendered":"AS\u00cd SE VIVI\u00d3 | Uruguay 3-0 Jamaica | Copa Am\u00e9rica"},"content":{"rendered":"<p><a class=\"twitter-timeline\" href=\"https:\/\/twitter.com\/search?q=to%3ACA2016_sp%2C%20OR%20to%3AUruguay%2C%20OR%20to%3AItsTheJFF\" data-widget-id=\"742540097971576832\">Tweets sobre to:CA2016_sp, OR to:Uruguay, OR to:ItsTheJFF<\/a><script>\/\/ <![CDATA[\n!function(d,s,id){var js,fjs=d.getElementsByTagName(s)[0],p=\/^http:\/.test(d.location)?'http':'https';if(!d.getElementById(id)){js=d.createElement(s);js.id=id;js.src=p+\":\/\/platform.twitter.com\/widgets.js\";fjs.parentNode.insertBefore(js,fjs);}}(document,\"script\",\"twitter-wjs\");\n\/\/ ]]><\/script><\/p>\n<p>En el Levi\u00b4s Stadium de Santa Clara California, <strong>Uruguay<\/strong> y <strong>Jamaica<\/strong> se medir\u00e1n, a partir de las 21:00 horas, para cerrar con su participaci\u00f3n en la <strong>Copa Am\u00e9rica Centenario<\/strong>, donde intentar\u00e1n terminar de forma digna, ya que quedaron eliminados prematuramente.<\/p>\n<p>Luego de que la federaci\u00f3n de <strong>Uruguay<\/strong> dio declaraciones fuertes contra M\u00e9xico por un supuesto ama\u00f1o en la organizaci\u00f3n de la <strong>Copa Am\u00e9rica<\/strong>, la presi\u00f3n sobre el equipo aument\u00f3, pues cay\u00f3 ante Venezuela y perdi\u00f3 toda posibilidad para competir en la siguiente ronda.<\/p>\n<p>Por eso en esta ocasi\u00f3n, la selecci\u00f3n <em>charr\u00faa<\/em> intentar\u00e1 ganar su \u00faltimo partido para no decepcionar a su afici\u00f3n y mucho menos a ellos mismos, adem\u00e1s de que no querr\u00e1n terminar sin una victoria.<\/p>\n<p>&#8220;En estos dos \u00faltimos partidos, el equipo perdi\u00f3 la compostura que sol\u00eda tener, pero ya platicamos con todos los jugadores del equipo y el problema est\u00e1 resuelto&#8221;, se\u00f1al\u00f3 \u00d3scar Washington Tab\u00e1rez, director t\u00e9cnico de la selecci\u00f3n uruguaya, en la conferencia de prensa previa al encuentro.<\/p>\n<p>Sin embargo, enfrente est\u00e1 <strong>Jamaica<\/strong>, un equipo que buscar\u00e1 la primera victoria de su historia en la <strong>Copa Am\u00e9rica Centenario<\/strong>, adem\u00e1s de demostrar que la CONCACAF tiene nivel para competir y hasta destacar ante equipos de CONMEBOL.<\/p>\n<p><strong>Uruguay vs. Jamaica<\/strong>, \u00bfcu\u00e1l es su pron\u00f3stico para este partido, <em>cracks<\/em>?<\/p>\n","protected":false},"excerpt":{"rendered":"<p>Charr\u00faas y Reggeae Boyz se miden por un cierre digno<\/p>\n","protected":false},"author":20,"featured_media":403429,"comment_status":"closed","ping_status":"closed","sticky":false,"template":"","format":"standard","meta":[],"categories":[6950,3839,6953],"tags":[2130],"_links":{"self":[{"href":"http:\/\/desarrollo.grupomedios.com\/futbol\/wp-json\/wp\/v2\/posts\/403425"}],"collection":[{"href":"http:\/\/desarrollo.grupomedios.com\/futbol\/wp-json\/wp\/v2\/posts"}],"about":[{"href":"http:\/\/desarrollo.grupomedios.com\/futbol\/wp-json\/wp\/v2\/types\/post"}],"author":[{"embeddable":true,"href":"http:\/\/desarrollo.grupomedios.com\/futbol\/wp-json\/wp\/v2\/users\/20"}],"replies":[{"embeddable":true,"href":"http:\/\/desarrollo.grupomedios.com\/futbol\/wp-json\/wp\/v2\/comments?post=403425"}],"version-history":[{"count":0,"href":"http:\/\/desarrollo.grupomedios.com\/futbol\/wp-json\/wp\/v2\/posts\/403425\/revisions"}],"wp:featuredmedia":[{"embeddable":true,"href":"http:\/\/desarrollo.grupomedios.com\/futbol\/wp-json\/wp\/v2\/media\/403429"}],"wp:attachment":[{"href":"http:\/\/desarrollo.grupomedios.com\/futbol\/wp-json\/wp\/v2\/media?parent=403425"}],"wp:term":[{"taxonomy":"category","embeddable":true,"href":"http:\/\/desarrollo.grupomedios.com\/futbol\/wp-json\/wp\/v2\/categories?post=403425"},{"taxonomy":"post_tag","embeddable":true,"href":"http:\/\/desarrollo.grupomedios.com\/futbol\/wp-json\/wp\/v2\/tags?post=403425"}],"curies":[{"name":"wp","href":"https:\/\/api.w.org\/{rel}","templated":true}]}}