{"id":403441,"date":"2016-06-13T08:23:04","date_gmt":"2016-06-13T14:23:04","guid":{"rendered":"http:\/\/www.futboltotal.com.mx\/?p=403441"},"modified":"2016-06-13T08:23:04","modified_gmt":"2016-06-13T14:23:04","slug":"la-meti-muslo-raul-ruidiaz","status":"publish","type":"post","link":"http:\/\/desarrollo.grupomedios.com\/futbol\/destacado-home\/la-meti-muslo-raul-ruidiaz\/2016\/06","title":{"rendered":"&#8220;La met\u00ed con el muslo&#8221;: Ra\u00fal Ruidiaz"},"content":{"rendered":"<p>Tras concluir el partido entre <strong>Brasil<\/strong> y <strong>Per\u00fa<\/strong>, de la fase de grupos de la <strong>Copa Am\u00e9rica Centenario<\/strong>, donde el conjunto inca elimin\u00f3 al carioca gracias a un gol pol\u00e9mico de <strong>Ra\u00fal Ruidiaz<\/strong>, el futbolista se\u00f1al\u00f3 que anot\u00f3 el tanto del triunfo, de forma legal.<\/p>\n<p>&#8220;Primero, estoy contento por el siguiente paso que hemos dado. El gol fue una jugada muy r\u00e1pida que me choca en el muslo, no entiendo por qu\u00e9 se da la pol\u00e9mica de la mano&#8221;, declar\u00f3 <strong>Ra\u00fal Ruidiaz<\/strong>, a pesar de que en la m\u00faltiples repeticiones televisivas, se demostr\u00f3 lo contrario.<\/p>\n<p style=\"text-align: center;\"><span style=\"color: #3366ff;\"><strong><a style=\"color: #3366ff;\" href=\"http:\/\/www.futboltotal.com.mx\/2016\/06\/uso-tecnologia-eurocopa-vs-copa-america\/\" target=\"_blank\">LEER M\u00c1S: Uso de la tecnolog\u00eda | Eurocopa vs. Copa Am\u00e9rica<\/a><\/strong><\/span><\/p>\n<p>Ante lo sucedido, la FIFA tiene que implementar las medidas necesarias para que las jugadas pol\u00e9micas se reduzcan lo mejor posible, para evitar que se repitan resultados similares. \u00bfQu\u00e9 opinas, <em>crack<\/em>?<\/p>\n","protected":false},"excerpt":{"rendered":"<p>El peruano estaba seguro de anotar leg\u00edtimamente<\/p>\n","protected":false},"author":20,"featured_media":403442,"comment_status":"closed","ping_status":"closed","sticky":false,"template":"","format":"standard","meta":[],"categories":[6950,5,6953,5951],"tags":[2130],"_links":{"self":[{"href":"http:\/\/desarrollo.grupomedios.com\/futbol\/wp-json\/wp\/v2\/posts\/403441"}],"collection":[{"href":"http:\/\/desarrollo.grupomedios.com\/futbol\/wp-json\/wp\/v2\/posts"}],"about":[{"href":"http:\/\/desarrollo.grupomedios.com\/futbol\/wp-json\/wp\/v2\/types\/post"}],"author":[{"embeddable":true,"href":"http:\/\/desarrollo.grupomedios.com\/futbol\/wp-json\/wp\/v2\/users\/20"}],"replies":[{"embeddable":true,"href":"http:\/\/desarrollo.grupomedios.com\/futbol\/wp-json\/wp\/v2\/comments?post=403441"}],"version-history":[{"count":0,"href":"http:\/\/desarrollo.grupomedios.com\/futbol\/wp-json\/wp\/v2\/posts\/403441\/revisions"}],"wp:featuredmedia":[{"embeddable":true,"href":"http:\/\/desarrollo.grupomedios.com\/futbol\/wp-json\/wp\/v2\/media\/403442"}],"wp:attachment":[{"href":"http:\/\/desarrollo.grupomedios.com\/futbol\/wp-json\/wp\/v2\/media?parent=403441"}],"wp:term":[{"taxonomy":"category","embeddable":true,"href":"http:\/\/desarrollo.grupomedios.com\/futbol\/wp-json\/wp\/v2\/categories?post=403441"},{"taxonomy":"post_tag","embeddable":true,"href":"http:\/\/desarrollo.grupomedios.com\/futbol\/wp-json\/wp\/v2\/tags?post=403441"}],"curies":[{"name":"wp","href":"https:\/\/api.w.org\/{rel}","templated":true}]}}