{"id":403527,"date":"2016-06-13T16:38:42","date_gmt":"2016-06-13T22:38:42","guid":{"rendered":"http:\/\/www.futboltotal.com.mx\/?p=403527"},"modified":"2016-06-13T16:38:42","modified_gmt":"2016-06-13T22:38:42","slug":"los-perdidos-la-seleccion-mexicana-la-copa-america-2007","status":"publish","type":"post","link":"http:\/\/desarrollo.grupomedios.com\/futbol\/futbol-mexicano\/los-perdidos-la-seleccion-mexicana-la-copa-america-2007\/2016\/06","title":{"rendered":"\u00a1Los perdidos del TRI!"},"content":{"rendered":"<p>Este 13 de junio, el futbolista mexicano, <strong>Nery Castillo<\/strong>, celebra su aniversario 32 en medio de la inactividad deportiva. El atacante era una promesa del balompi\u00e9 azteca por las destrezas que mostr\u00f3 en la <strong>Copa Am\u00e9rica 2007<\/strong>, donde le marc\u00f3 un gol inolvidable a Brasil.<\/p>\n<p>Pero <strong>Nery Castillo<\/strong> no es el \u00fanico mexico-uruguayo que destac\u00f3 en aquel certamen de la <strong>Copa Am\u00e9rica<\/strong> y que actualmente pasa por un momento irregular o malo en su carrera. Por eso recordamos a otros jugadores de esa edici\u00f3n del torneo, y c\u00f3mo les va ahora.<\/p>\n<p style=\"text-align: center;\"><span style=\"color: #3366ff;\"><strong><a style=\"color: #3366ff;\" href=\"http:\/\/www.futboltotal.com.mx\/2016\/06\/en-vivo-mexico-vs-venezuela-copa-america\/\" target=\"_blank\">LEER M\u00c1S: El TRI se prepara para enfrentar a Venezuela<\/a><\/strong><\/span><\/p>\n<p><strong>Fausto Pinto<\/strong> | Tanto \u00e9l como Jaime Correa, que en ese entonces jugaban en Pachuca, fueron las sorpresas del <em>TRI<\/em>, al responder a la convocatoria de Hugo S\u00e1nchez. Despu\u00e9s de su gran paso por los <em>Tuzos<\/em>, Fausto no pudo volver a elevar su nivel y actualmente en Cruz Azul, no s\u00f3lo est\u00e1 lejos de la titularidad sino que podr\u00eda quedar fuera de la plantilla, si el conjunto celeste no le quiere dejar un lugar.<\/p>\n<p><a href=\"http:\/\/www.futboltotal.com.mx\/wp-content\/uploads\/2016\/06\/perdidos-fausto-pinto.jpg\" rel=\"attachment wp-att-403528\"><img decoding=\"async\" loading=\"lazy\" class=\"alignnone size-full wp-image-403528\" src=\"http:\/\/www.futboltotal.com.mx\/wp-content\/uploads\/2016\/06\/perdidos-fausto-pinto.jpg\" alt=\"perdidos-fausto-pinto\" srcset=\"http:\/\/desarrollo.grupomedios.com\/futbol\/wp-content\/uploads\/2016\/06\/perdidos-fausto-pinto.jpg 858w, http:\/\/desarrollo.grupomedios.com\/futbol\/wp-content\/uploads\/2016\/06\/perdidos-fausto-pinto-300x151.jpg 300w, http:\/\/desarrollo.grupomedios.com\/futbol\/wp-content\/uploads\/2016\/06\/perdidos-fausto-pinto-768x386.jpg 768w, http:\/\/desarrollo.grupomedios.com\/futbol\/wp-content\/uploads\/2016\/06\/perdidos-fausto-pinto-340x171.jpg 340w\" sizes=\"(max-width: 858px) 100vw, 858px\" \/><\/a><\/p>\n<p><strong>Omar Bravo<\/strong> | Detr\u00e1s de Nery Castillo, <em>Omarcito<\/em> fue el m\u00e1ximo goleador del <em>TRI<\/em>, e incluso su participaci\u00f3n le valdr\u00eda un lugar en el futbol europeo, donde no logr\u00f3 adaptarse. Tras a\u00f1os de altibajos lleg\u00f3 a Chivas para jugar en su tercera etapa con el club, a partir de 2014, y al a\u00f1o siguiente, entr\u00f3 a la historia del club como su m\u00e1ximo artillero hist\u00f3rico; sin embargo, despu\u00e9s de eso el gol se le esfum\u00f3 y por ello s\u00f3lo permanece en el Guadalajara, por cuestiones de contrato.<\/p>\n<p><a href=\"http:\/\/www.futboltotal.com.mx\/wp-content\/uploads\/2016\/06\/perdidos-omar-bravo.jpg\" rel=\"attachment wp-att-403530\"><img decoding=\"async\" loading=\"lazy\" class=\"alignnone size-full wp-image-403530\" src=\"http:\/\/www.futboltotal.com.mx\/wp-content\/uploads\/2016\/06\/perdidos-omar-bravo.jpg\" alt=\"perdidos-omar-bravo\" srcset=\"http:\/\/desarrollo.grupomedios.com\/futbol\/wp-content\/uploads\/2016\/06\/perdidos-omar-bravo.jpg 858w, http:\/\/desarrollo.grupomedios.com\/futbol\/wp-content\/uploads\/2016\/06\/perdidos-omar-bravo-300x151.jpg 300w, http:\/\/desarrollo.grupomedios.com\/futbol\/wp-content\/uploads\/2016\/06\/perdidos-omar-bravo-768x386.jpg 768w, http:\/\/desarrollo.grupomedios.com\/futbol\/wp-content\/uploads\/2016\/06\/perdidos-omar-bravo-340x171.jpg 340w\" sizes=\"(max-width: 858px) 100vw, 858px\" \/><\/a><\/p>\n<p><strong>Gerardo Torrado<\/strong> | El <em>Borrego<\/em> no ten\u00eda mucho tiempo de haber regresado al balompi\u00e9 azteca y entonces era figura del Cruz Azul; su nivel era ideal para aquella justa y hasta colabor\u00f3 en la hist\u00f3rica goleada sobre Paraguay. Pero en la actualidad, tras a\u00f1os de no conseguir un t\u00edtulo con la <em>M\u00e1quina<\/em>, el volante decidi\u00f3 dar un paso al costado para cerrar su carrera en la Segunda Divisi\u00f3n de Estados Unidos.<\/p>\n<p><a href=\"http:\/\/www.futboltotal.com.mx\/wp-content\/uploads\/2016\/06\/perdidos-gerardo-torrado.jpg\" rel=\"attachment wp-att-403531\"><img decoding=\"async\" loading=\"lazy\" class=\"alignnone size-full wp-image-403531\" src=\"http:\/\/www.futboltotal.com.mx\/wp-content\/uploads\/2016\/06\/perdidos-gerardo-torrado.jpg\" alt=\"perdidos-gerardo-torrado\" srcset=\"http:\/\/desarrollo.grupomedios.com\/futbol\/wp-content\/uploads\/2016\/06\/perdidos-gerardo-torrado.jpg 858w, http:\/\/desarrollo.grupomedios.com\/futbol\/wp-content\/uploads\/2016\/06\/perdidos-gerardo-torrado-300x151.jpg 300w, http:\/\/desarrollo.grupomedios.com\/futbol\/wp-content\/uploads\/2016\/06\/perdidos-gerardo-torrado-768x386.jpg 768w, http:\/\/desarrollo.grupomedios.com\/futbol\/wp-content\/uploads\/2016\/06\/perdidos-gerardo-torrado-340x171.jpg 340w\" sizes=\"(max-width: 858px) 100vw, 858px\" \/><\/a><\/p>\n<p><strong>Juan Carlos Cacho<\/strong> | Hizo una mancuerna excepcional con Nery Castillo, para el duelo contra Brasil, lo que le dio buenas cr\u00edticas de la prensa nacional. En ese entonces, Cacho era un delantero regular, pero ahora, se encuentra en el Corinthians de San Antonio, del futbol de Estados Unidos.<\/p>\n<p><a href=\"http:\/\/www.futboltotal.com.mx\/wp-content\/uploads\/2016\/06\/perdidos-juan-carlos-cacho.jpg\" rel=\"attachment wp-att-403532\"><img decoding=\"async\" loading=\"lazy\" class=\"alignnone size-full wp-image-403532\" src=\"http:\/\/www.futboltotal.com.mx\/wp-content\/uploads\/2016\/06\/perdidos-juan-carlos-cacho.jpg\" alt=\"perdidos-juan-carlos-cacho\" srcset=\"http:\/\/desarrollo.grupomedios.com\/futbol\/wp-content\/uploads\/2016\/06\/perdidos-juan-carlos-cacho.jpg 858w, http:\/\/desarrollo.grupomedios.com\/futbol\/wp-content\/uploads\/2016\/06\/perdidos-juan-carlos-cacho-300x151.jpg 300w, http:\/\/desarrollo.grupomedios.com\/futbol\/wp-content\/uploads\/2016\/06\/perdidos-juan-carlos-cacho-768x386.jpg 768w, http:\/\/desarrollo.grupomedios.com\/futbol\/wp-content\/uploads\/2016\/06\/perdidos-juan-carlos-cacho-340x171.jpg 340w\" sizes=\"(max-width: 858px) 100vw, 858px\" \/><\/a><\/p>\n<p><strong>Adolfo Bautista<\/strong> | Pese a que no anot\u00f3 en aquella justa, su participaci\u00f3n fue plausible, pero ser\u00eda el \u00faltimo torneo donde destac\u00f3 con el TRI, m\u00e1s tarde fue al Mundial de Sud\u00e1frica 2010, siendo el jugador m\u00e1s criticado de los 23 elegidos. Actualmente, juega en un equipo de futbol r\u00e1pido en Estados Unidos.<\/p>\n<p><a href=\"http:\/\/www.futboltotal.com.mx\/wp-content\/uploads\/2016\/06\/perdidos-adolfo-bautista.jpg\" rel=\"attachment wp-att-403533\"><img decoding=\"async\" loading=\"lazy\" class=\"alignnone size-full wp-image-403533\" src=\"http:\/\/www.futboltotal.com.mx\/wp-content\/uploads\/2016\/06\/perdidos-adolfo-bautista.jpg\" alt=\"perdidos-adolfo-bautista\" srcset=\"http:\/\/desarrollo.grupomedios.com\/futbol\/wp-content\/uploads\/2016\/06\/perdidos-adolfo-bautista.jpg 858w, http:\/\/desarrollo.grupomedios.com\/futbol\/wp-content\/uploads\/2016\/06\/perdidos-adolfo-bautista-300x151.jpg 300w, http:\/\/desarrollo.grupomedios.com\/futbol\/wp-content\/uploads\/2016\/06\/perdidos-adolfo-bautista-768x386.jpg 768w, http:\/\/desarrollo.grupomedios.com\/futbol\/wp-content\/uploads\/2016\/06\/perdidos-adolfo-bautista-340x171.jpg 340w\" sizes=\"(max-width: 858px) 100vw, 858px\" \/><\/a><\/p>\n<p><strong>Nery Castillo <\/strong>| La figura y m\u00e1ximo anotador de la <a href=\"http:\/\/www.futboltotal.com.mx\/futbol-mexicano\/seleccion-mexicana\/\" target=\"_blank\">Selecci\u00f3n Mexicana<\/a> en la Copa Am\u00e9rica de 2007, con cuatro anotaciones, se llev\u00f3 los reflectores, pues promet\u00eda ser una figura de talla mundial, pues varios equipos se interesaron en \u00e9l. La decisi\u00f3n de ir al Shajtar Donetsk fue su calvario, ya que no ten\u00eda los suficientes minutos para mostrarse, y en sus posteriores clubes, tampoco pudo progresar. No tiene equipo desde 2014.<\/p>\n<p><a href=\"http:\/\/www.futboltotal.com.mx\/wp-content\/uploads\/2016\/06\/perdidos-nery-castillo.jpg\" rel=\"attachment wp-att-403534\"><img decoding=\"async\" loading=\"lazy\" class=\"alignnone size-full wp-image-403534\" src=\"http:\/\/www.futboltotal.com.mx\/wp-content\/uploads\/2016\/06\/perdidos-nery-castillo.jpg\" alt=\"perdidos-nery-castillo\" srcset=\"http:\/\/desarrollo.grupomedios.com\/futbol\/wp-content\/uploads\/2016\/06\/perdidos-nery-castillo.jpg 858w, http:\/\/desarrollo.grupomedios.com\/futbol\/wp-content\/uploads\/2016\/06\/perdidos-nery-castillo-300x151.jpg 300w, http:\/\/desarrollo.grupomedios.com\/futbol\/wp-content\/uploads\/2016\/06\/perdidos-nery-castillo-768x386.jpg 768w, http:\/\/desarrollo.grupomedios.com\/futbol\/wp-content\/uploads\/2016\/06\/perdidos-nery-castillo-340x171.jpg 340w\" sizes=\"(max-width: 858px) 100vw, 858px\" \/><\/a><\/p>\n","protected":false},"excerpt":{"rendered":"<p>Recordamos a futbolistas que brillaron en la Copa Am\u00e9rica 2007<\/p>\n","protected":false},"author":20,"featured_media":403535,"comment_status":"closed","ping_status":"closed","sticky":false,"template":"","format":"standard","meta":[],"categories":[5516,6950,6958,2198,6957,3847,5950],"tags":[2130,142],"_links":{"self":[{"href":"http:\/\/desarrollo.grupomedios.com\/futbol\/wp-json\/wp\/v2\/posts\/403527"}],"collection":[{"href":"http:\/\/desarrollo.grupomedios.com\/futbol\/wp-json\/wp\/v2\/posts"}],"about":[{"href":"http:\/\/desarrollo.grupomedios.com\/futbol\/wp-json\/wp\/v2\/types\/post"}],"author":[{"embeddable":true,"href":"http:\/\/desarrollo.grupomedios.com\/futbol\/wp-json\/wp\/v2\/users\/20"}],"replies":[{"embeddable":true,"href":"http:\/\/desarrollo.grupomedios.com\/futbol\/wp-json\/wp\/v2\/comments?post=403527"}],"version-history":[{"count":0,"href":"http:\/\/desarrollo.grupomedios.com\/futbol\/wp-json\/wp\/v2\/posts\/403527\/revisions"}],"wp:featuredmedia":[{"embeddable":true,"href":"http:\/\/desarrollo.grupomedios.com\/futbol\/wp-json\/wp\/v2\/media\/403535"}],"wp:attachment":[{"href":"http:\/\/desarrollo.grupomedios.com\/futbol\/wp-json\/wp\/v2\/media?parent=403527"}],"wp:term":[{"taxonomy":"category","embeddable":true,"href":"http:\/\/desarrollo.grupomedios.com\/futbol\/wp-json\/wp\/v2\/categories?post=403527"},{"taxonomy":"post_tag","embeddable":true,"href":"http:\/\/desarrollo.grupomedios.com\/futbol\/wp-json\/wp\/v2\/tags?post=403527"}],"curies":[{"name":"wp","href":"https:\/\/api.w.org\/{rel}","templated":true}]}}