{"id":403585,"date":"2016-06-13T19:55:07","date_gmt":"2016-06-14T01:55:07","guid":{"rendered":"http:\/\/www.futboltotal.com.mx\/?p=403585"},"modified":"2016-06-13T19:55:58","modified_gmt":"2016-06-14T01:55:58","slug":"golazo-del-tecatito-corona","status":"publish","type":"post","link":"http:\/\/desarrollo.grupomedios.com\/futbol\/videos\/golazo-del-tecatito-corona\/2016\/06","title":{"rendered":"\u00a1GOLAZO del Tecatito Corona!"},"content":{"rendered":"<p><strong>Tecatito Corona<\/strong> se despach\u00f3 con un golazo. Este lunes, el delantero mexicano marc\u00f3 un gol de antolog\u00eda ante Venezuela, en el cierre de la Fase de Grupos de la <strong>Copa America Centenario<\/strong>.<\/p>\n<blockquote class=\"twitter-tweet\" data-lang=\"en\">\n<p dir=\"ltr\" lang=\"es\"><a href=\"https:\/\/twitter.com\/hashtag\/2T?src=hash\">#2T<\/a> <a href=\"https:\/\/twitter.com\/banamex\">@banamex<\/a> informa: \u00a1<a href=\"https:\/\/twitter.com\/hashtag\/Cr%C3%A9etela?src=hash\">#Cr\u00e9etela<\/a> porque <a href=\"https:\/\/twitter.com\/Chuycorona25\">@Chuycorona25<\/a> acaba de hacer un golazo! \u00a11-1!<a href=\"https:\/\/twitter.com\/hashtag\/AmericaParaLosMexicanos?src=hash\">#AmericaParaLosMexicanos<\/a> <a href=\"https:\/\/t.co\/IlhcozbG9i\">https:\/\/t.co\/IlhcozbG9i<\/a><\/p>\n<p>\u2014 Selecci\u00f3n Nacional (@miseleccionmx) <a href=\"https:\/\/twitter.com\/miseleccionmx\/status\/742534199958085633\">June 14, 2016<\/a><\/p><\/blockquote>\n<p><script src=\"\/\/platform.twitter.com\/widgets.js\" async=\"\" charset=\"utf-8\"><\/script><\/p>\n<p>El gol del <strong>Tecatito Corona<\/strong> cay\u00f3 al minuto 78. Y en ese momento represent\u00f3 el empate ante los venezolanos, que abrieron el armador al 9&#8242;.<\/p>\n<blockquote class=\"twitter-tweet\" data-lang=\"es\"><p>\n<a href=\"https:\/\/twitter.com\/hashtag\/2T?src=hash\">#2T<\/a> 79&#8242; MEX 1-1 VEN \u00a1GOOOOOOOOOOOLAZO <a href=\"https:\/\/twitter.com\/banamex\">@banamex<\/a> anotado por <a href=\"https:\/\/twitter.com\/Chuycorona25\">@Chuycorona25<\/a>!<a href=\"https:\/\/twitter.com\/hashtag\/Cr%C3%A9etela?src=hash\">#Cr\u00e9etela<\/a> <a href=\"https:\/\/t.co\/4WAxAAhStm\">pic.twitter.com\/4WAxAAhStm<\/a><\/p>\n<p>\u2014 Selecci\u00f3n Nacional (@miseleccionmx) <a href=\"https:\/\/twitter.com\/miseleccionmx\/status\/742533756284588032\">14 de junio de 2016<\/a>\n<\/p><\/blockquote>\n<p><script src=\"\/\/platform.twitter.com\/widgets.js\" async=\"\" charset=\"utf-8\"><\/script><\/p>\n","protected":false},"excerpt":{"rendered":"<p>El delantero mexicano marc\u00f3 un gol de antolog\u00eda en Copa Am\u00e9rica<\/p>\n","protected":false},"author":20,"featured_media":403587,"comment_status":"closed","ping_status":"closed","sticky":false,"template":"","format":"standard","meta":[],"categories":[6950,5,3847,6951,4,6960],"tags":[2130,65,5979],"_links":{"self":[{"href":"http:\/\/desarrollo.grupomedios.com\/futbol\/wp-json\/wp\/v2\/posts\/403585"}],"collection":[{"href":"http:\/\/desarrollo.grupomedios.com\/futbol\/wp-json\/wp\/v2\/posts"}],"about":[{"href":"http:\/\/desarrollo.grupomedios.com\/futbol\/wp-json\/wp\/v2\/types\/post"}],"author":[{"embeddable":true,"href":"http:\/\/desarrollo.grupomedios.com\/futbol\/wp-json\/wp\/v2\/users\/20"}],"replies":[{"embeddable":true,"href":"http:\/\/desarrollo.grupomedios.com\/futbol\/wp-json\/wp\/v2\/comments?post=403585"}],"version-history":[{"count":0,"href":"http:\/\/desarrollo.grupomedios.com\/futbol\/wp-json\/wp\/v2\/posts\/403585\/revisions"}],"wp:featuredmedia":[{"embeddable":true,"href":"http:\/\/desarrollo.grupomedios.com\/futbol\/wp-json\/wp\/v2\/media\/403587"}],"wp:attachment":[{"href":"http:\/\/desarrollo.grupomedios.com\/futbol\/wp-json\/wp\/v2\/media?parent=403585"}],"wp:term":[{"taxonomy":"category","embeddable":true,"href":"http:\/\/desarrollo.grupomedios.com\/futbol\/wp-json\/wp\/v2\/categories?post=403585"},{"taxonomy":"post_tag","embeddable":true,"href":"http:\/\/desarrollo.grupomedios.com\/futbol\/wp-json\/wp\/v2\/tags?post=403585"}],"curies":[{"name":"wp","href":"https:\/\/api.w.org\/{rel}","templated":true}]}}