{"id":403723,"date":"2016-06-14T11:37:44","date_gmt":"2016-06-14T17:37:44","guid":{"rendered":"http:\/\/www.futboltotal.com.mx\/?p=403723"},"modified":"2016-06-14T11:44:18","modified_gmt":"2016-06-14T17:44:18","slug":"vengo-al-club-mas-grande-luis-quinones","status":"publish","type":"post","link":"http:\/\/desarrollo.grupomedios.com\/futbol\/futbol-mexicano\/vengo-al-club-mas-grande-luis-quinones\/2016\/06","title":{"rendered":"&#8220;Vengo al club m\u00e1s grande&#8221;: Luis Qui\u00f1ones"},"content":{"rendered":"<p>Apenas hace unos meses <strong>Luis Qui\u00f1ones<\/strong> era jugador de <span style=\"color: #ff0000;\"><a style=\"color: #ff0000;\" href=\"http:\/\/www.futboltotal.com.mx\/equipos\/unam\/\" target=\"_blank\">Pumas<\/a><\/span> pero su carta pertenec\u00eda a <span style=\"color: #ff0000;\"><a style=\"color: #ff0000;\" href=\"http:\/\/www.futboltotal.com.mx\/equipos\/tigres\/\" target=\"_blank\">Tigres<\/a><\/span>. A pesar de ello, el colombiano mostr\u00f3 su profesionalismo y regal\u00f3 grandes juegos con el conjunto universitario.<\/p>\n<p>El d\u00eda de hoy en su llegada a Monterrey para reportar con <strong>Tigres<\/strong> rumbo al Apertura 2016, el volante ha dicho que &#8220;llega al club m\u00e1s grande&#8221; para poner el alto el nombre del club.<\/p>\n<p>&#8220;Vengo al club m\u00e1s grande, hay que venir con la responsabilidad de sacar esta instituci\u00f3n adelante, hacer bien las cosas. Me siento feliz de llegar a una instituci\u00f3n grande, ganarnos un puesto, el profe sabe lo que hace&#8221;, coment\u00f3\u00a0<strong>Qui\u00f1ones<\/strong>.<\/p>\n<p>El colombiano jug\u00f3 para <strong>Pumas<\/strong> en el Clausura 2016, en donde disput\u00f3 21 partidos y marc\u00f3 cuatro goles entre torneo de liga y Copa Libertadores. Ahora con <strong>Tigres<\/strong>, buscar\u00e1 ganarse un lugar en el equipo del Ricardo <em>Tuca\u00a0<\/em>Ferretti.<\/p>\n<p>&#8220;Vengo convencido de las capacidades que tengo y hay que hacer un gran trabajo, esforzarse cada d\u00eda. Hay que jugar r\u00e1pido, mi puesto es muy dif\u00edcil&#8221;, declar\u00f3.<\/p>\n<p style=\"text-align: center;\"><span style=\"color: #3366ff;\">LEER M\u00c1S:\u00a0<a style=\"color: #3366ff;\" href=\"http:\/\/www.futboltotal.com.mx\/2016\/06\/futbol-estufa-rumbo-al-apertura-2016-altas-bajas-rumores\/\">FUTBOL DE ESTUFA | Rumbo al Apertura 2016<\/a><\/span><\/p>\n<p>El otro ex jugador de <strong>Pumas<\/strong> y que pertenec\u00eda <strong>Tigres<\/strong> tambi\u00e9n era el defensa Francisco Meza, que sufri\u00f3 una lesi\u00f3n y a\u00fan le quedan tres meses para recuperarse, por lo que agradeci\u00f3 a la instituci\u00f3n felina.<\/p>\n<p>&#8220;Muy contento de estar ac\u00e1, se dio la posibilidad de llegar ahora a mitad de a\u00f1o, ahora a tratar de seguir en la recuperaci\u00f3n, seguir avanzando y cuando tenga el alta m\u00e9dica ponerme a disposici\u00f3n. Estoy muy agradecidos porque conf\u00edan en m\u00ed, a pesar de estar as\u00ed&#8221;,\u00a0expres\u00f3.<\/p>\n","protected":false},"excerpt":{"rendered":"<p>El colombiano regresa a Tigres despu\u00e9s de seis meses en Pumas<\/p>\n","protected":false},"author":20,"featured_media":403730,"comment_status":"closed","ping_status":"closed","sticky":false,"template":"","format":"standard","meta":[],"categories":[2198,3845,5950],"tags":[6927,64,6914,5973],"_links":{"self":[{"href":"http:\/\/desarrollo.grupomedios.com\/futbol\/wp-json\/wp\/v2\/posts\/403723"}],"collection":[{"href":"http:\/\/desarrollo.grupomedios.com\/futbol\/wp-json\/wp\/v2\/posts"}],"about":[{"href":"http:\/\/desarrollo.grupomedios.com\/futbol\/wp-json\/wp\/v2\/types\/post"}],"author":[{"embeddable":true,"href":"http:\/\/desarrollo.grupomedios.com\/futbol\/wp-json\/wp\/v2\/users\/20"}],"replies":[{"embeddable":true,"href":"http:\/\/desarrollo.grupomedios.com\/futbol\/wp-json\/wp\/v2\/comments?post=403723"}],"version-history":[{"count":0,"href":"http:\/\/desarrollo.grupomedios.com\/futbol\/wp-json\/wp\/v2\/posts\/403723\/revisions"}],"wp:featuredmedia":[{"embeddable":true,"href":"http:\/\/desarrollo.grupomedios.com\/futbol\/wp-json\/wp\/v2\/media\/403730"}],"wp:attachment":[{"href":"http:\/\/desarrollo.grupomedios.com\/futbol\/wp-json\/wp\/v2\/media?parent=403723"}],"wp:term":[{"taxonomy":"category","embeddable":true,"href":"http:\/\/desarrollo.grupomedios.com\/futbol\/wp-json\/wp\/v2\/categories?post=403723"},{"taxonomy":"post_tag","embeddable":true,"href":"http:\/\/desarrollo.grupomedios.com\/futbol\/wp-json\/wp\/v2\/tags?post=403723"}],"curies":[{"name":"wp","href":"https:\/\/api.w.org\/{rel}","templated":true}]}}