{"id":403740,"date":"2016-06-14T12:18:23","date_gmt":"2016-06-14T18:18:23","guid":{"rendered":"http:\/\/www.futboltotal.com.mx\/?p=403740"},"modified":"2016-06-14T12:18:58","modified_gmt":"2016-06-14T18:18:58","slug":"enzo-roco-se-aproxima-al-cruz-azul","status":"publish","type":"post","link":"http:\/\/desarrollo.grupomedios.com\/futbol\/futbol-mexicano\/enzo-roco-se-aproxima-al-cruz-azul\/2016\/06","title":{"rendered":"\u00a1\u00bfEnzo Roco se aproxima al Cruz Azul?!"},"content":{"rendered":"<p><strong><a href=\"http:\/\/www.futboltotal.com.mx\/equipos\/cruz-azul\/\" target=\"_blank\">Cruz Azul<\/a><\/strong> busca reforzar su zona defensiva, y al parecer, ya encontraron un buen refuerzo para tener una zaga s\u00f3lida en el Apertura 2016, el prospecto es <strong>Enzo Roco<\/strong>, defensa central chileno que milita en el Espanyol de Barcelona.<\/p>\n<p><strong>Enzo Roco<\/strong>, tambi\u00e9n seleccionado chileno, estar\u00eda cerca de fichar con <strong>Cruz Azul<\/strong>, de acuerdo a la cadena <em>ESPN<\/em>, quien afirma que el zaguero est\u00e1 en la mira de los <em>cementeros<\/em>, por lo que tendr\u00eda visita de representantes de la <em>M\u00e1quina<\/em> en Estados Unidos, donde el futbolista actualmente compite para refrendar la corona de Chile en la Copa Am\u00e9rica.<\/p>\n<p style=\"text-align: center;\"><span style=\"color: #3366ff;\"><strong><a style=\"color: #3366ff;\" href=\"http:\/\/www.futboltotal.com.mx\/2016\/06\/futbol-estufa-rumbo-al-apertura-2016-altas-bajas-rumores\/\" target=\"_blank\">LEER M\u00c1S: Futbol de Estufa | Rumbo al Apertura 2016<\/a><\/strong><\/span><\/p>\n<p>El zaguero <em>andino<\/em> lleva dos a\u00f1os jugando en el Viejo Continente, comenz\u00f3 con el Elche y luego emigr\u00f3 al Espanyol para cubrir el puesto que dej\u00f3 vacante H\u00e9ctor Moreno. <strong>Enzo Roco<\/strong> tuvo una temporada activa en la Liga BBVA, al participar en 33 partidos de su equipo, as\u00ed que es un sin\u00f3nimo de garant\u00eda que le vendr\u00eda bien a <strong>Cruz Azul<\/strong>.<\/p>\n","protected":false},"excerpt":{"rendered":"<p>El central chileno dejar\u00eda al Espanyol para unirse a la M\u00e1quina<\/p>\n","protected":false},"author":20,"featured_media":403741,"comment_status":"closed","ping_status":"closed","sticky":false,"template":"","format":"standard","meta":[],"categories":[2198,3845,5950],"tags":[5962],"_links":{"self":[{"href":"http:\/\/desarrollo.grupomedios.com\/futbol\/wp-json\/wp\/v2\/posts\/403740"}],"collection":[{"href":"http:\/\/desarrollo.grupomedios.com\/futbol\/wp-json\/wp\/v2\/posts"}],"about":[{"href":"http:\/\/desarrollo.grupomedios.com\/futbol\/wp-json\/wp\/v2\/types\/post"}],"author":[{"embeddable":true,"href":"http:\/\/desarrollo.grupomedios.com\/futbol\/wp-json\/wp\/v2\/users\/20"}],"replies":[{"embeddable":true,"href":"http:\/\/desarrollo.grupomedios.com\/futbol\/wp-json\/wp\/v2\/comments?post=403740"}],"version-history":[{"count":0,"href":"http:\/\/desarrollo.grupomedios.com\/futbol\/wp-json\/wp\/v2\/posts\/403740\/revisions"}],"wp:featuredmedia":[{"embeddable":true,"href":"http:\/\/desarrollo.grupomedios.com\/futbol\/wp-json\/wp\/v2\/media\/403741"}],"wp:attachment":[{"href":"http:\/\/desarrollo.grupomedios.com\/futbol\/wp-json\/wp\/v2\/media?parent=403740"}],"wp:term":[{"taxonomy":"category","embeddable":true,"href":"http:\/\/desarrollo.grupomedios.com\/futbol\/wp-json\/wp\/v2\/categories?post=403740"},{"taxonomy":"post_tag","embeddable":true,"href":"http:\/\/desarrollo.grupomedios.com\/futbol\/wp-json\/wp\/v2\/tags?post=403740"}],"curies":[{"name":"wp","href":"https:\/\/api.w.org\/{rel}","templated":true}]}}