{"id":403746,"date":"2016-06-14T12:46:37","date_gmt":"2016-06-14T18:46:37","guid":{"rendered":"http:\/\/www.futboltotal.com.mx\/?p=403746"},"modified":"2016-06-14T18:46:23","modified_gmt":"2016-06-15T00:46:23","slug":"oficial-dunga-deja-dt-del-brasil","status":"publish","type":"post","link":"http:\/\/desarrollo.grupomedios.com\/futbol\/futbol-internacional\/oficial-dunga-deja-dt-del-brasil\/2016\/06","title":{"rendered":"OFICIAL: Dunga deja de ser DT del Brasil"},"content":{"rendered":"<p>La Confederaci\u00f3n Brasile\u00f1a de Futbol anunci\u00f3 este martes que decidi\u00f3 disolver el cuerpo t\u00e9cnico de la <strong>selecci\u00f3n de Brasil<\/strong>, el cual encabezaba <strong>Dunga<\/strong>. La medida llega tras la desastrosa actuaci\u00f3n del <em>Scratch<\/em> en la Copa Am\u00e9rica Centenario, certamen del que fue eliminado en la Fase de Grupos.<\/p>\n<p>\u201cLa decisi\u00f3n fue tomada esta tarde. Y a partir de ahora, la CBF inicia el proceso de elecci\u00f3n del nuevo comit\u00e9 t\u00e9cnico de la selecci\u00f3n brasile\u00f1a&#8221;, apunt\u00f3 la Confederaci\u00f3n Brasile\u00f1a mediante un comunicado.<\/p>\n<blockquote class=\"twitter-tweet\" data-lang=\"es\">\n<p dir=\"ltr\" lang=\"pt\">Nota Oficial sobre a Sele\u00e7\u00e3o Brasileira &gt;&gt; <a href=\"https:\/\/t.co\/FcEu8PDimr\">https:\/\/t.co\/FcEu8PDimr<\/a> <a href=\"https:\/\/t.co\/mTtR73Klkb\">pic.twitter.com\/mTtR73Klkb<\/a><\/p>\n<p>\u2014 CBF Futebol (@CBF_Futebol) <a href=\"https:\/\/twitter.com\/CBF_Futebol\/status\/742782076336869377\">14 de junio de 2016<\/a><\/p><\/blockquote>\n<p><script src=\"\/\/platform.twitter.com\/widgets.js\" async=\"\" charset=\"utf-8\"><\/script><\/p>\n<p><strong>Dunga<\/strong> volvi\u00f3 a la <strong>selecci\u00f3n de Brasil<\/strong> tras la humillaci\u00f3n de Alemania en Brasil 2014. Comenz\u00f3 bien en partidos amistosos, pero cuando llegaron los duelos oficiales iniciaron los fracasos:\u00a0p\u00e9sima\u00a0Copa Am\u00e9rica en 2015, un proceso eliminatorio turbulento y\u00a0una desastrosa\u00a0Copa Am\u00e9rica 2016.<\/p>\n<p>Cabe apuntar que se ten\u00eda presupuestado que <strong>Dunga<\/strong> ser\u00eda el DT de <strong>Brasil<\/strong> en\u00a0los\u00a0Juegos\u00a0Ol\u00edmpicos; sin embargo, el papel\u00f3n en la Copa Am\u00e9rica Centenario del combinado brasile\u00f1o hizo insostenible la relaci\u00f3n.<\/p>\n<blockquote class=\"twitter-tweet\" data-lang=\"es\"><p>\nLa magia de <a href=\"https:\/\/twitter.com\/Chuycorona25\">@Chuycorona25<\/a> impulsa a M\u00e9xico y emociona a los aficionados <a href=\"https:\/\/t.co\/lKR8r1KW2D\">https:\/\/t.co\/lKR8r1KW2D<\/a> <a href=\"https:\/\/twitter.com\/miseleccionmx\">@miseleccionmx<\/a> <a href=\"https:\/\/t.co\/urX4wT9p88\">pic.twitter.com\/urX4wT9p88<\/a><\/p>\n<p>\u2014 CONCACAF (@CONCACAF) <a href=\"https:\/\/twitter.com\/CONCACAF\/status\/742772418557685763\">14 de junio de 2016<\/a>\n<\/p><\/blockquote>\n<p><script src=\"\/\/platform.twitter.com\/widgets.js\" async=\"\" charset=\"utf-8\"><\/script><\/p>\n<p>Sobre el cese de <strong>Dunga<\/strong>, valga a puntar que a pesar de que la presente Copa Am\u00e9rica es &#8220;conmemorativa&#8221;, ya van dos t\u00e9cnicos\u00a0separados: <a href=\"http:\/\/www.futboltotal.com.mx\/2016\/06\/paraguay-se-queda-sin-tecnico\/\" target=\"_blank\">el argentino Ram\u00f3n D\u00edaz dej\u00f3 de ser entrenador de la selecci\u00f3n de Paraguay el domingo<\/a> y ahora el brasile\u00f1o\u00a0fue destituido del <em>Scratch<\/em>.<\/p>\n","protected":false},"excerpt":{"rendered":"<p>La medida llega tras la desastrosa actuaci\u00f3n del Scratch en Copa Am\u00e9rica<\/p>\n","protected":false},"author":20,"featured_media":403751,"comment_status":"closed","ping_status":"closed","sticky":false,"template":"","format":"standard","meta":[],"categories":[6950,3839,6953,5951],"tags":[6009,5582],"_links":{"self":[{"href":"http:\/\/desarrollo.grupomedios.com\/futbol\/wp-json\/wp\/v2\/posts\/403746"}],"collection":[{"href":"http:\/\/desarrollo.grupomedios.com\/futbol\/wp-json\/wp\/v2\/posts"}],"about":[{"href":"http:\/\/desarrollo.grupomedios.com\/futbol\/wp-json\/wp\/v2\/types\/post"}],"author":[{"embeddable":true,"href":"http:\/\/desarrollo.grupomedios.com\/futbol\/wp-json\/wp\/v2\/users\/20"}],"replies":[{"embeddable":true,"href":"http:\/\/desarrollo.grupomedios.com\/futbol\/wp-json\/wp\/v2\/comments?post=403746"}],"version-history":[{"count":0,"href":"http:\/\/desarrollo.grupomedios.com\/futbol\/wp-json\/wp\/v2\/posts\/403746\/revisions"}],"wp:featuredmedia":[{"embeddable":true,"href":"http:\/\/desarrollo.grupomedios.com\/futbol\/wp-json\/wp\/v2\/media\/403751"}],"wp:attachment":[{"href":"http:\/\/desarrollo.grupomedios.com\/futbol\/wp-json\/wp\/v2\/media?parent=403746"}],"wp:term":[{"taxonomy":"category","embeddable":true,"href":"http:\/\/desarrollo.grupomedios.com\/futbol\/wp-json\/wp\/v2\/categories?post=403746"},{"taxonomy":"post_tag","embeddable":true,"href":"http:\/\/desarrollo.grupomedios.com\/futbol\/wp-json\/wp\/v2\/tags?post=403746"}],"curies":[{"name":"wp","href":"https:\/\/api.w.org\/{rel}","templated":true}]}}