{"id":403764,"date":"2016-06-14T13:15:22","date_gmt":"2016-06-14T19:15:22","guid":{"rendered":"http:\/\/www.futboltotal.com.mx\/?p=403764"},"modified":"2016-06-14T13:15:22","modified_gmt":"2016-06-14T19:15:22","slug":"candidatos-dirigir-a-brasil","status":"publish","type":"post","link":"http:\/\/desarrollo.grupomedios.com\/futbol\/futbol-internacional\/candidatos-dirigir-a-brasil\/2016\/06","title":{"rendered":"Candidatos para dirigir a Brasil"},"content":{"rendered":"<p>Este martes 14 de junio, la federaci\u00f3n de futbol de <strong>Brasil<\/strong>, hizo oficial la destituci\u00f3n de <strong>Dunga<\/strong>, como director t\u00e9cnico de la selecci\u00f3n <em>carioca<\/em>, debido a los malos resultados del equipo, que terminaron con la eliminaci\u00f3n prematura del <em>Scratch du Oro<\/em>, de la Copa Am\u00e9rica.<\/p>\n<p>Desde antes de oficializarse la salida de <strong>Dunga<\/strong>, ya sonaban tres nombres para ocupar el cargo de director t\u00e9cnico de la selecci\u00f3n de <strong>Brasil<\/strong>, quienes parecen tener el perfil ideal, para dirigir al equipo. Ellos son los candidatos:<\/p>\n<p style=\"text-align: center;\"><span style=\"color: #3366ff;\"><strong><a style=\"color: #3366ff;\" href=\"http:\/\/www.futboltotal.com.mx\/2016\/06\/oficial-dunga-deja-dt-del-brasil\/\" target=\"_blank\">LEER M\u00c1S: OFICIAL | Dunga es destituido<\/a><\/strong><\/span><\/p>\n<p><strong>Edgardo Bauza<\/strong> | Mejor conocido como <em>El Plat\u00f3n<\/em>, despert\u00f3 el inter\u00e9s de los directivos brasile\u00f1os debido a la gran campa\u00f1a del Sao Paulo en la liga local y en la Copa Libertadores, donde ya es semifinalista. Su estilo podr\u00eda embonar en la <em>Verdeamarelha<\/em>, pero asumir\u00eda el cargo despu\u00e9s de terminar su participaci\u00f3n en el torneo de clubes sudamericano, si es que es designado para relevar a Dunga.<\/p>\n<p><a href=\"http:\/\/www.futboltotal.com.mx\/wp-content\/uploads\/2016\/06\/candidatos-brasil-bauza.jpg\" rel=\"attachment wp-att-403765\"><img decoding=\"async\" loading=\"lazy\" class=\"alignnone size-full wp-image-403765\" src=\"http:\/\/www.futboltotal.com.mx\/wp-content\/uploads\/2016\/06\/candidatos-brasil-bauza.jpg\" alt=\"candidatos-brasil-bauza\" srcset=\"http:\/\/desarrollo.grupomedios.com\/futbol\/wp-content\/uploads\/2016\/06\/candidatos-brasil-bauza.jpg 858w, http:\/\/desarrollo.grupomedios.com\/futbol\/wp-content\/uploads\/2016\/06\/candidatos-brasil-bauza-300x151.jpg 300w, http:\/\/desarrollo.grupomedios.com\/futbol\/wp-content\/uploads\/2016\/06\/candidatos-brasil-bauza-768x386.jpg 768w, http:\/\/desarrollo.grupomedios.com\/futbol\/wp-content\/uploads\/2016\/06\/candidatos-brasil-bauza-340x171.jpg 340w\" sizes=\"(max-width: 858px) 100vw, 858px\" \/><\/a><\/p>\n<p><strong>Tite<\/strong> | El candidato ideal, de acuerdo a medios brasile\u00f1os, es el actual estratega del Corinthians, Adenor Leonardo Bacchi, quien fue disc\u00edpulo del Luiz Felipe Scolari y que ya hab\u00eda sonado para dirigir al <em>Scratch du Oro<\/em>, antes de la llegada de Dunga. El problema con <em>Tite<\/em>, es que no siente afinidad hacia Neymar, la actual figura de Brasil.<\/p>\n<p><a href=\"http:\/\/www.futboltotal.com.mx\/wp-content\/uploads\/2016\/06\/candidatos-brasil-tite.jpg\" rel=\"attachment wp-att-403766\"><img decoding=\"async\" loading=\"lazy\" class=\"alignnone size-full wp-image-403766\" src=\"http:\/\/www.futboltotal.com.mx\/wp-content\/uploads\/2016\/06\/candidatos-brasil-tite.jpg\" alt=\"candidatos-brasil-tite\" srcset=\"http:\/\/desarrollo.grupomedios.com\/futbol\/wp-content\/uploads\/2016\/06\/candidatos-brasil-tite.jpg 858w, http:\/\/desarrollo.grupomedios.com\/futbol\/wp-content\/uploads\/2016\/06\/candidatos-brasil-tite-300x151.jpg 300w, http:\/\/desarrollo.grupomedios.com\/futbol\/wp-content\/uploads\/2016\/06\/candidatos-brasil-tite-768x386.jpg 768w, http:\/\/desarrollo.grupomedios.com\/futbol\/wp-content\/uploads\/2016\/06\/candidatos-brasil-tite-340x171.jpg 340w\" sizes=\"(max-width: 858px) 100vw, 858px\" \/><\/a><\/p>\n<p><strong>Jorge Sampaoli<\/strong> | Tras consumarse la eliminaci\u00f3n de Brasil en la Copa Am\u00e9rica, el primer nombre que son\u00f3 fue el del estratega argentino; no obstante, el DT parece haber cerrado un acuerdo con Sevilla y dif\u00edcilmente se ve que claudique en su decisi\u00f3n de dirigir en la Liga BBVA.<\/p>\n<p><a href=\"http:\/\/www.futboltotal.com.mx\/wp-content\/uploads\/2016\/06\/candidatos-brasil-sampaoli.jpg\" rel=\"attachment wp-att-403767\"><img decoding=\"async\" loading=\"lazy\" class=\"alignnone size-full wp-image-403767\" src=\"http:\/\/www.futboltotal.com.mx\/wp-content\/uploads\/2016\/06\/candidatos-brasil-sampaoli.jpg\" alt=\"candidatos-brasil-sampaoli\" srcset=\"http:\/\/desarrollo.grupomedios.com\/futbol\/wp-content\/uploads\/2016\/06\/candidatos-brasil-sampaoli.jpg 858w, http:\/\/desarrollo.grupomedios.com\/futbol\/wp-content\/uploads\/2016\/06\/candidatos-brasil-sampaoli-300x151.jpg 300w, http:\/\/desarrollo.grupomedios.com\/futbol\/wp-content\/uploads\/2016\/06\/candidatos-brasil-sampaoli-768x386.jpg 768w, http:\/\/desarrollo.grupomedios.com\/futbol\/wp-content\/uploads\/2016\/06\/candidatos-brasil-sampaoli-340x171.jpg 340w\" sizes=\"(max-width: 858px) 100vw, 858px\" \/><\/a><\/p>\n","protected":false},"excerpt":{"rendered":"<p>Tras la destituci\u00f3n de Dunga, ya suenan nombres<\/p>\n","protected":false},"author":20,"featured_media":403768,"comment_status":"closed","ping_status":"closed","sticky":false,"template":"","format":"standard","meta":[],"categories":[6950,3839,6953,5951],"tags":[6009,2130],"_links":{"self":[{"href":"http:\/\/desarrollo.grupomedios.com\/futbol\/wp-json\/wp\/v2\/posts\/403764"}],"collection":[{"href":"http:\/\/desarrollo.grupomedios.com\/futbol\/wp-json\/wp\/v2\/posts"}],"about":[{"href":"http:\/\/desarrollo.grupomedios.com\/futbol\/wp-json\/wp\/v2\/types\/post"}],"author":[{"embeddable":true,"href":"http:\/\/desarrollo.grupomedios.com\/futbol\/wp-json\/wp\/v2\/users\/20"}],"replies":[{"embeddable":true,"href":"http:\/\/desarrollo.grupomedios.com\/futbol\/wp-json\/wp\/v2\/comments?post=403764"}],"version-history":[{"count":0,"href":"http:\/\/desarrollo.grupomedios.com\/futbol\/wp-json\/wp\/v2\/posts\/403764\/revisions"}],"wp:featuredmedia":[{"embeddable":true,"href":"http:\/\/desarrollo.grupomedios.com\/futbol\/wp-json\/wp\/v2\/media\/403768"}],"wp:attachment":[{"href":"http:\/\/desarrollo.grupomedios.com\/futbol\/wp-json\/wp\/v2\/media?parent=403764"}],"wp:term":[{"taxonomy":"category","embeddable":true,"href":"http:\/\/desarrollo.grupomedios.com\/futbol\/wp-json\/wp\/v2\/categories?post=403764"},{"taxonomy":"post_tag","embeddable":true,"href":"http:\/\/desarrollo.grupomedios.com\/futbol\/wp-json\/wp\/v2\/tags?post=403764"}],"curies":[{"name":"wp","href":"https:\/\/api.w.org\/{rel}","templated":true}]}}