{"id":403775,"date":"2016-06-14T15:00:15","date_gmt":"2016-06-14T21:00:15","guid":{"rendered":"http:\/\/www.futboltotal.com.mx\/?p=403775"},"modified":"2016-06-14T18:51:12","modified_gmt":"2016-06-15T00:51:12","slug":"los-fracasos-brasil-sus-tecnicos","status":"publish","type":"post","link":"http:\/\/desarrollo.grupomedios.com\/futbol\/destacado-home\/los-fracasos-brasil-sus-tecnicos\/2016\/06","title":{"rendered":"Dram\u00e1tico desfile de t\u00e9cnicos de Brasil"},"content":{"rendered":"<p>La <strong>selecci\u00f3n de Brasil<\/strong>\u00a0volvi\u00f3 a fracasar en un torneo internacional, ahora fue en la <strong>Copa Am\u00e9rica<\/strong> Centenario, al ser eliminada en la Fase de Grupos. Los diarios brasile\u00f1os condenaron la forma de jugar del\u00a0<em>Scratch do Oro<\/em>.\u00a0&#8220;\u00bfPerjudicados por el gol ilegal? S\u00ed. Pero mucho m\u00e1s da\u00f1o caus\u00f3 la gesti\u00f3n confusa dentro y fuera de la cancha. Este es el nivel del futbol brasile\u00f1o actual. Un equipo con talento, pero sin convicciones&#8221;, escribi\u00f3 el diario\u00a0<em>Globosporte.<\/em><\/p>\n<p>Con esta eliminaci\u00f3n, Dunga ha sido cesado por segunda vez y se suma a otros tres t\u00e9cnicos que fracasaron con <strong>Brasil<\/strong>, pues desde el 2002 cuando consiguieron la Copa del Mundo, no han vuelto a ser el mismo equipo.<\/p>\n<p><span style=\"color: #ff0000;\">Carlos Alberto Parreira (2003-06)<\/span> | Tuvo la misi\u00f3n de repetir el t\u00edtulo mundial (como el de\u00a01994) con un equipo lleno de estrellas, pues jugadores como Ronaldinho, Ronaldo, Roberto Carlos y Adriano figuraban en el equipo. A pesar de ello, su m\u00e1ximo logro fue la <strong>Copa Am\u00e9rica<\/strong> de 2004 y la Confederaciones de 2005, pues el objetivo principal, que era la Copa del Mundo, se qued\u00f3 en Cuartos de Final del 2006, la \u00faltima gran participaci\u00f3n brasile\u00f1a.<\/p>\n<p><img decoding=\"async\" loading=\"lazy\" class=\"alignnone size-full wp-image-403782\" src=\"http:\/\/www.futboltotal.com.mx\/wp-content\/uploads\/2016\/06\/Los-fracasos-de-brasil-parreira.jpg\" alt=\"Los-fracasos-de-brasil--parreira\" srcset=\"http:\/\/desarrollo.grupomedios.com\/futbol\/wp-content\/uploads\/2016\/06\/Los-fracasos-de-brasil-parreira.jpg 858w, http:\/\/desarrollo.grupomedios.com\/futbol\/wp-content\/uploads\/2016\/06\/Los-fracasos-de-brasil-parreira-300x151.jpg 300w, http:\/\/desarrollo.grupomedios.com\/futbol\/wp-content\/uploads\/2016\/06\/Los-fracasos-de-brasil-parreira-768x386.jpg 768w, http:\/\/desarrollo.grupomedios.com\/futbol\/wp-content\/uploads\/2016\/06\/Los-fracasos-de-brasil-parreira-340x171.jpg 340w\" sizes=\"(max-width: 858px) 100vw, 858px\" \/><\/p>\n<p><span style=\"color: #ff0000;\">Dunga (2006-10 y 2014-16)<\/span> <span style=\"color: #ff0000;\">|\u00a0<\/span>Lleg\u00f3 como \u00eddolo despu\u00e9s de haber sido parte del <strong>Brasil<\/strong> que fue Campe\u00f3n del Mundo en 1994. Consigui\u00f3 ganar la <strong>Copa Am\u00e9rica<\/strong> de 2007 y la Copa Confederaciones de 2009, pero la Verdeamarelha se volvi\u00f3 a quedar en Cuartos de Final cuando los elimin\u00f3 Holanda en 2010. En su segunda etapa, tuvo la misi\u00f3n de olvidar la masacre del Mundial de 2014, pero fue eliminado por Paraguay en la Copa Am\u00e9rica 2015 y ahora no pas\u00f3 de la Fase de Grupos al ser eliminado por Per\u00fa.<\/p>\n<p><img decoding=\"async\" loading=\"lazy\" class=\"alignnone size-full wp-image-403792\" src=\"http:\/\/www.futboltotal.com.mx\/wp-content\/uploads\/2016\/06\/Fracasos-de-Brasil-dunga.jpg\" alt=\"Fracasos-de-Brasil--dunga\" srcset=\"http:\/\/desarrollo.grupomedios.com\/futbol\/wp-content\/uploads\/2016\/06\/Fracasos-de-Brasil-dunga.jpg 858w, http:\/\/desarrollo.grupomedios.com\/futbol\/wp-content\/uploads\/2016\/06\/Fracasos-de-Brasil-dunga-300x151.jpg 300w, http:\/\/desarrollo.grupomedios.com\/futbol\/wp-content\/uploads\/2016\/06\/Fracasos-de-Brasil-dunga-768x386.jpg 768w, http:\/\/desarrollo.grupomedios.com\/futbol\/wp-content\/uploads\/2016\/06\/Fracasos-de-Brasil-dunga-340x171.jpg 340w\" sizes=\"(max-width: 858px) 100vw, 858px\" \/><\/p>\n<p><span style=\"color: #ff0000;\">Mano Menezes (2010-12) |\u00a0<\/span>Tras el fracaso de Dunga en 2010, lleg\u00f3 en una completa renovaci\u00f3n del futbol brasile\u00f1o. Surgieron figuras como Neymar, Ganso y Oscar, pero sus resultados hicieron que se dudara sobre su proceso y la eliminaci\u00f3n en la <strong>Copa Am\u00e9rica<\/strong> 2011 a manos de Paraguay fue un paso hacia su destituci\u00f3n, que se dar\u00eda un a\u00f1o m\u00e1s tarde cuando tuvo la oportunidad de ganar el tan ansiado Oro en los Juegos Ol\u00edmpicos pero fue derrotado por M\u00e9xico.<\/p>\n<p><img decoding=\"async\" loading=\"lazy\" class=\"alignnone size-full wp-image-403796\" src=\"http:\/\/www.futboltotal.com.mx\/wp-content\/uploads\/2016\/06\/fracaso-de-los-tecnicos-de-Brasil-Mano-menezes.jpg\" alt=\"fracaso-de-los-tecnicos-de-Brasil-Mano-menezes\" srcset=\"http:\/\/desarrollo.grupomedios.com\/futbol\/wp-content\/uploads\/2016\/06\/fracaso-de-los-tecnicos-de-Brasil-Mano-menezes.jpg 858w, http:\/\/desarrollo.grupomedios.com\/futbol\/wp-content\/uploads\/2016\/06\/fracaso-de-los-tecnicos-de-Brasil-Mano-menezes-300x151.jpg 300w, http:\/\/desarrollo.grupomedios.com\/futbol\/wp-content\/uploads\/2016\/06\/fracaso-de-los-tecnicos-de-Brasil-Mano-menezes-768x386.jpg 768w, http:\/\/desarrollo.grupomedios.com\/futbol\/wp-content\/uploads\/2016\/06\/fracaso-de-los-tecnicos-de-Brasil-Mano-menezes-340x171.jpg 340w\" sizes=\"(max-width: 858px) 100vw, 858px\" \/><\/p>\n<p><span style=\"color: #ff0000;\">Luiz Felipe Scolari (2013-14)<\/span> |\u00a0<em>Felipao\u00a0<\/em>hab\u00eda conseguido el campeonato del mundo en Corea-Jap\u00f3n 2002, aunque mucho se lo debe al nivel que presentaban jugadores como Rivaldo y principalmente Ronaldo. En 2013 la Confederaci\u00f3n Brasile\u00f1a volvi\u00f3 a confiar en \u00e9l para que intentara alcanzar la gloria en su Mundial de 2014, pero Scolari fracas\u00f3. Busco conseguir el t\u00edtulo de la misma forma que en 2002 y como gan\u00f3 la Copa Confederaciones de 2003 y se jug\u00f3 todo el torneo con un centro delantero que no met\u00eda goles. Adem\u00e1s, \u00a0su Selecci\u00f3n no convenc\u00eda, pues le costaba mucho trabajo ganar los partidos. En Semifinales sufri\u00f3 la peor derrota en la historia de <strong>Brasil<\/strong> cuando Alemania los aplast\u00f3 con marcador de 1-7.<\/p>\n<p><img decoding=\"async\" loading=\"lazy\" class=\"alignnone size-full wp-image-403798\" src=\"http:\/\/www.futboltotal.com.mx\/wp-content\/uploads\/2016\/06\/Fracasos-brasil-luiz-felipe-scolari.jpg\" alt=\"Fracasos-brasil--luiz-felipe-scolari\" srcset=\"http:\/\/desarrollo.grupomedios.com\/futbol\/wp-content\/uploads\/2016\/06\/Fracasos-brasil-luiz-felipe-scolari.jpg 858w, http:\/\/desarrollo.grupomedios.com\/futbol\/wp-content\/uploads\/2016\/06\/Fracasos-brasil-luiz-felipe-scolari-300x151.jpg 300w, http:\/\/desarrollo.grupomedios.com\/futbol\/wp-content\/uploads\/2016\/06\/Fracasos-brasil-luiz-felipe-scolari-768x386.jpg 768w, http:\/\/desarrollo.grupomedios.com\/futbol\/wp-content\/uploads\/2016\/06\/Fracasos-brasil-luiz-felipe-scolari-340x171.jpg 340w\" sizes=\"(max-width: 858px) 100vw, 858px\" \/><\/p>\n","protected":false},"excerpt":{"rendered":"<p>Los DT brasile\u00f1os no han podido regresar la magia de aquel 2002<\/p>\n","protected":false},"author":129,"featured_media":403805,"comment_status":"closed","ping_status":"closed","sticky":false,"template":"","format":"standard","meta":[],"categories":[6950,5,3839,6953],"tags":[6009,2130,5582],"_links":{"self":[{"href":"http:\/\/desarrollo.grupomedios.com\/futbol\/wp-json\/wp\/v2\/posts\/403775"}],"collection":[{"href":"http:\/\/desarrollo.grupomedios.com\/futbol\/wp-json\/wp\/v2\/posts"}],"about":[{"href":"http:\/\/desarrollo.grupomedios.com\/futbol\/wp-json\/wp\/v2\/types\/post"}],"author":[{"embeddable":true,"href":"http:\/\/desarrollo.grupomedios.com\/futbol\/wp-json\/wp\/v2\/users\/129"}],"replies":[{"embeddable":true,"href":"http:\/\/desarrollo.grupomedios.com\/futbol\/wp-json\/wp\/v2\/comments?post=403775"}],"version-history":[{"count":0,"href":"http:\/\/desarrollo.grupomedios.com\/futbol\/wp-json\/wp\/v2\/posts\/403775\/revisions"}],"wp:featuredmedia":[{"embeddable":true,"href":"http:\/\/desarrollo.grupomedios.com\/futbol\/wp-json\/wp\/v2\/media\/403805"}],"wp:attachment":[{"href":"http:\/\/desarrollo.grupomedios.com\/futbol\/wp-json\/wp\/v2\/media?parent=403775"}],"wp:term":[{"taxonomy":"category","embeddable":true,"href":"http:\/\/desarrollo.grupomedios.com\/futbol\/wp-json\/wp\/v2\/categories?post=403775"},{"taxonomy":"post_tag","embeddable":true,"href":"http:\/\/desarrollo.grupomedios.com\/futbol\/wp-json\/wp\/v2\/tags?post=403775"}],"curies":[{"name":"wp","href":"https:\/\/api.w.org\/{rel}","templated":true}]}}