{"id":403817,"date":"2016-06-14T22:11:30","date_gmt":"2016-06-15T04:11:30","guid":{"rendered":"http:\/\/www.futboltotal.com.mx\/?p=403817"},"modified":"2016-06-16T12:24:13","modified_gmt":"2016-06-16T18:24:13","slug":"definidos-los-cuartos-final-copa-america","status":"publish","type":"post","link":"http:\/\/desarrollo.grupomedios.com\/futbol\/destacado-home\/definidos-los-cuartos-final-copa-america\/2016\/06","title":{"rendered":"Definidos los Cuartos de Final de la Copa Am\u00e9rica"},"content":{"rendered":"<p>La noche de este martes quedaron listos los <strong>Cuartos de Final de la <a href=\"http:\/\/www.futboltotal.com.mx\/copa-america-2016\/\">Copa Am\u00e9rica Centenario<\/a><\/strong>\u00a0que se disputar\u00e1n entre el 16 y 18 de junio. Las selecciones de Chile y Argentina, clasificados desde la pen\u00faltima jornada, definieron los\u00a0cuatro duelos de alto voltaje tras doblegar a Panam\u00e1 (4-2) y Bolivia (3-0), respectivamente.<\/p>\n<p>La actividad en la ronda de los mejores ocho combinados comenzar\u00e1 el pr\u00f3ximo jueves 16 de junio con el duelo entre el anfitri\u00f3n Estados Unidos y Ecuador, en la cancha del CenturyLink Field. Un d\u00eda despu\u00e9s contender\u00e1n Per\u00fa y Colombia en el MetLife Stadium, dejando la mesa puesta para conocer a los otros dos semifinalistas del certamen.<\/p>\n<p>&nbsp;<\/p>\n<p style=\"text-align: center;\"><span style=\"color: #3366ff;\"><strong><a style=\"color: #3366ff;\" href=\"http:\/\/www.futboltotal.com.mx\/copa-america-2016\/\">LEER M\u00c1S: Todas las noticias de Copa Am\u00e9rica<\/a><a href=\"http:\/\/www.futboltotal.com.mx\/wp-content\/uploads\/2016\/06\/Copa-America-1.jpg\" rel=\"attachment wp-att-403965\"><img decoding=\"async\" loading=\"lazy\" class=\"alignnone size-full wp-image-403965\" src=\"http:\/\/www.futboltotal.com.mx\/wp-content\/uploads\/2016\/06\/Copa-America-1.jpg\" alt=\"Copa-America\" srcset=\"http:\/\/desarrollo.grupomedios.com\/futbol\/wp-content\/uploads\/2016\/06\/Copa-America-1.jpg 858w, http:\/\/desarrollo.grupomedios.com\/futbol\/wp-content\/uploads\/2016\/06\/Copa-America-1-300x151.jpg 300w, http:\/\/desarrollo.grupomedios.com\/futbol\/wp-content\/uploads\/2016\/06\/Copa-America-1-768x386.jpg 768w, http:\/\/desarrollo.grupomedios.com\/futbol\/wp-content\/uploads\/2016\/06\/Copa-America-1-340x171.jpg 340w\" sizes=\"(max-width: 858px) 100vw, 858px\" \/><\/a><\/strong><\/span><\/p>\n<p style=\"text-align: left;\">La\u00a0<em>Albiceleste<\/em>\u00a0abrir\u00e1 la doble cartelera del s\u00e1bado 18 de junio en el Gillette Stadium, donde en calidad de local chocar\u00e1 con Venezuela, clasificada como <em>Caballos de Negro <\/em>tras\u00a0no haber perdido un solo partido en la Fase de Grupos. La escuadra de Gerardo Martino llega como amplia favorita al ser la \u00fanica selecci\u00f3n clasificada con marca perfecta de tres victorias.<\/p>\n<p>Los encargados de cerrar definir al \u00faltimo semifinalista ser\u00e1n M\u00e9xico y Chile en el Levi&#8217;s Stadium de Santa Clara, California. Los <em>Verdes<\/em> llegar\u00e1n invictos a la justa y en la era de Juan Carlos Osorio, ante el vigente campe\u00f3n que recobr\u00f3 su mejor versi\u00f3n en el \u00faltimo partido tras despedir con una contundente victoria a Panam\u00e1.<\/p>\n<p>\u00bfQui\u00e9nes ser\u00e1n los Cuatro Semifinalistas de la Copa Am\u00e9rica?<\/p>\n<p>&nbsp;<\/p>\n","protected":false},"excerpt":{"rendered":"<p>M\u00e9xico se medir\u00e1 ante Chile el pr\u00f3ximo 18 de junio por el pase a Semifinales<\/p>\n","protected":false},"author":20,"featured_media":403965,"comment_status":"closed","ping_status":"closed","sticky":false,"template":"","format":"standard","meta":[],"categories":[6950,5,3839,3847,6951],"tags":[2130,482,65],"_links":{"self":[{"href":"http:\/\/desarrollo.grupomedios.com\/futbol\/wp-json\/wp\/v2\/posts\/403817"}],"collection":[{"href":"http:\/\/desarrollo.grupomedios.com\/futbol\/wp-json\/wp\/v2\/posts"}],"about":[{"href":"http:\/\/desarrollo.grupomedios.com\/futbol\/wp-json\/wp\/v2\/types\/post"}],"author":[{"embeddable":true,"href":"http:\/\/desarrollo.grupomedios.com\/futbol\/wp-json\/wp\/v2\/users\/20"}],"replies":[{"embeddable":true,"href":"http:\/\/desarrollo.grupomedios.com\/futbol\/wp-json\/wp\/v2\/comments?post=403817"}],"version-history":[{"count":0,"href":"http:\/\/desarrollo.grupomedios.com\/futbol\/wp-json\/wp\/v2\/posts\/403817\/revisions"}],"wp:featuredmedia":[{"embeddable":true,"href":"http:\/\/desarrollo.grupomedios.com\/futbol\/wp-json\/wp\/v2\/media\/403965"}],"wp:attachment":[{"href":"http:\/\/desarrollo.grupomedios.com\/futbol\/wp-json\/wp\/v2\/media?parent=403817"}],"wp:term":[{"taxonomy":"category","embeddable":true,"href":"http:\/\/desarrollo.grupomedios.com\/futbol\/wp-json\/wp\/v2\/categories?post=403817"},{"taxonomy":"post_tag","embeddable":true,"href":"http:\/\/desarrollo.grupomedios.com\/futbol\/wp-json\/wp\/v2\/tags?post=403817"}],"curies":[{"name":"wp","href":"https:\/\/api.w.org\/{rel}","templated":true}]}}