{"id":403827,"date":"2016-06-15T15:00:25","date_gmt":"2016-06-15T21:00:25","guid":{"rendered":"http:\/\/www.futboltotal.com.mx\/?p=403827"},"modified":"2016-06-15T15:22:37","modified_gmt":"2016-06-15T21:22:37","slug":"en-vivo-francia-vs-albania-eurocopa-2016","status":"publish","type":"post","link":"http:\/\/desarrollo.grupomedios.com\/futbol\/futbol-internacional\/en-vivo-francia-vs-albania-eurocopa-2016\/2016\/06","title":{"rendered":"AS\u00cd SE VIVI\u00d3 | Francia 2-0 Albania | Euro 2016"},"content":{"rendered":"<p><a class=\"twitter-timeline\" href=\"https:\/\/twitter.com\/UEFAcom_es\">Tweets by UEFAcom_es<\/a><script src=\"\/\/platform.twitter.com\/widgets.js\" async=\"\" charset=\"utf-8\"><\/script><\/p>\n<p>Marsella (Francia), 13 jun (EFE).- La selecci\u00f3n francesa de Didier Deschamps acude este mi\u00e9rcoles al Velodrome de Marsella en busca de una alegr\u00eda. Contra <strong>Albania<\/strong>, el rival m\u00e1s flojo del grupo, y en la ciudad que ha trasladado la <strong>Eurocopa<\/strong> de las p\u00e1ginas deportivas a las de sucesos y tribunales, el equipo de Didier Deschamps quiere un resultado amplio, que ayude a cambiar el \u00e1nimo del pa\u00eds.<\/p>\n<p>Llegan los de Deschamps a Marsella, donde tambi\u00e9n tiene previsto acudir el presidente Fran\u00e7ois Hollande, con una sensaci\u00f3n agridulce. Ganaron el partido del debut, imprescindible para evitar los nervios, pero no han evitado los debates sobre la actuaci\u00f3n de algunas de sus estrellas y, la situaci\u00f3n vivida en Marsella, m\u00e1s la amenaza del Isis, con el asesinato de un polic\u00eda en Par\u00eds, han convertido la <strong>Eurocopa<\/strong> en un torneo extra\u00f1o. El futbol no se acaba de imponer.<\/p>\n<p><img decoding=\"async\" loading=\"lazy\" class=\"alignnone size-full wp-image-403835\" src=\"http:\/\/www.futboltotal.com.mx\/wp-content\/uploads\/2016\/06\/Previa-Francia-vs-Marsella-Marsella.jpg\" alt=\"Previa-Francia-vs-Marsella-Marsella\" srcset=\"http:\/\/desarrollo.grupomedios.com\/futbol\/wp-content\/uploads\/2016\/06\/Previa-Francia-vs-Marsella-Marsella.jpg 858w, http:\/\/desarrollo.grupomedios.com\/futbol\/wp-content\/uploads\/2016\/06\/Previa-Francia-vs-Marsella-Marsella-300x151.jpg 300w, http:\/\/desarrollo.grupomedios.com\/futbol\/wp-content\/uploads\/2016\/06\/Previa-Francia-vs-Marsella-Marsella-768x386.jpg 768w, http:\/\/desarrollo.grupomedios.com\/futbol\/wp-content\/uploads\/2016\/06\/Previa-Francia-vs-Marsella-Marsella-340x171.jpg 340w\" sizes=\"(max-width: 858px) 100vw, 858px\" \/><\/p>\n<p>Del partido inaugural emergi\u00f3 un h\u00e9roe; Dmitry Payet, autor del gol de la victoria y mejor jugador del partido, y dos estrellas puestas bajo sospecha; Paul Pogba y Antoine Griezmann.<\/p>\n<p>Pogba, que deb\u00eda ser el eje del juego franc\u00e9s, no tuvo trascendencia alguna y fue sustituido en el segundo tiempo por el jovenc\u00edsimo Anthony Martial, en el minuto 76.<\/p>\n<p>Sin que cesen los rumores de su salida del Juventus este mismo verano, Pogba mantiene la confianza de Deschamps y el apoyo de sus compa\u00f1eros, pero precisa una actuaci\u00f3n convincente ante Albania.<\/p>\n<p>De igual forma, a Griezmann se le achaca que llega demasiado saturado a la <strong>Eurocopa<\/strong>, despu\u00e9s de una temporada extenuante con el Atl\u00e9tico de Madrid.<\/p>\n<p>Griezmann tuvo un par de buenas ocasiones ante Ruman\u00eda, e incluso envi\u00f3 un bal\u00f3n al poste en un remate de cabeza, pero no fue el atacante decisivo que, en ausencia de Karim Benzema, espera <strong>Francia<\/strong>, tras convertirse en uno de los mejores delanteros del continente bajo la direcci\u00f3n del Cholo Simeone.<br \/>\n<img decoding=\"async\" loading=\"lazy\" class=\"alignnone size-full wp-image-403834\" src=\"http:\/\/www.futboltotal.com.mx\/wp-content\/uploads\/2016\/06\/Previa-Francia-vs-Albania-tran.jpg\" alt=\"Previa-Francia-vs-Albania-tran\" srcset=\"http:\/\/desarrollo.grupomedios.com\/futbol\/wp-content\/uploads\/2016\/06\/Previa-Francia-vs-Albania-tran.jpg 858w, http:\/\/desarrollo.grupomedios.com\/futbol\/wp-content\/uploads\/2016\/06\/Previa-Francia-vs-Albania-tran-300x151.jpg 300w, http:\/\/desarrollo.grupomedios.com\/futbol\/wp-content\/uploads\/2016\/06\/Previa-Francia-vs-Albania-tran-768x386.jpg 768w, http:\/\/desarrollo.grupomedios.com\/futbol\/wp-content\/uploads\/2016\/06\/Previa-Francia-vs-Albania-tran-340x171.jpg 340w\" sizes=\"(max-width: 858px) 100vw, 858px\" \/><\/p>\n<p>Albania aparece como v\u00edctima, pero curiosamente respaldada por los dos \u00faltimos resultados contra los franceses. <strong>Francia<\/strong> no gana al equipo alban\u00e9s desde hace cinco a\u00f1os, cuando se impuso en Par\u00eds por 3-0. El 14 de noviembre de 2014 empat\u00f3 en su campo y hace un a\u00f1o, el 13 de junio de 2015, perdi\u00f3 1-0.<\/p>\n<p>Contra Suiza, en la primera jornada, <strong>Albania<\/strong> complet\u00f3 una actuaci\u00f3n m\u00e1s que digna, ya que jug\u00f3 con uno menos desde el minuto 36, cuando Lorik Cana fue expulsado por doble amarilla, y sin embargo no fue derrotada m\u00e1s que por 1-0.<\/p>\n<p>Para suplir la baja de Cana, el italiano Gianni de Biasi puede retrasar la posici\u00f3n de Burim Kukeli, para dar una mejor salida de bal\u00f3n o decantarse por la mayor fortaleza defensiva de Arlind Ajeti, que parece la primera opci\u00f3n.<\/p>\n<p>El encuentro, cinco d\u00edas despu\u00e9s del terremoto que supuso el paso de ingleses y rusos por Marsella, se espera que est\u00e9 rodeado de un ambiente festivo, que por fin la Eurocopa convierta Marsella en una celebraci\u00f3n entorno al f\u00fatbol.<\/p>\n","protected":false},"excerpt":{"rendered":"<p>Francia buscar\u00e1 una alegr\u00eda en su segundo juego en la ciudad de Marsella<\/p>\n","protected":false},"author":20,"featured_media":404056,"comment_status":"closed","ping_status":"closed","sticky":false,"template":"","format":"standard","meta":[],"categories":[6995,3839,6999],"tags":[6262,6152,413],"_links":{"self":[{"href":"http:\/\/desarrollo.grupomedios.com\/futbol\/wp-json\/wp\/v2\/posts\/403827"}],"collection":[{"href":"http:\/\/desarrollo.grupomedios.com\/futbol\/wp-json\/wp\/v2\/posts"}],"about":[{"href":"http:\/\/desarrollo.grupomedios.com\/futbol\/wp-json\/wp\/v2\/types\/post"}],"author":[{"embeddable":true,"href":"http:\/\/desarrollo.grupomedios.com\/futbol\/wp-json\/wp\/v2\/users\/20"}],"replies":[{"embeddable":true,"href":"http:\/\/desarrollo.grupomedios.com\/futbol\/wp-json\/wp\/v2\/comments?post=403827"}],"version-history":[{"count":0,"href":"http:\/\/desarrollo.grupomedios.com\/futbol\/wp-json\/wp\/v2\/posts\/403827\/revisions"}],"wp:featuredmedia":[{"embeddable":true,"href":"http:\/\/desarrollo.grupomedios.com\/futbol\/wp-json\/wp\/v2\/media\/404056"}],"wp:attachment":[{"href":"http:\/\/desarrollo.grupomedios.com\/futbol\/wp-json\/wp\/v2\/media?parent=403827"}],"wp:term":[{"taxonomy":"category","embeddable":true,"href":"http:\/\/desarrollo.grupomedios.com\/futbol\/wp-json\/wp\/v2\/categories?post=403827"},{"taxonomy":"post_tag","embeddable":true,"href":"http:\/\/desarrollo.grupomedios.com\/futbol\/wp-json\/wp\/v2\/tags?post=403827"}],"curies":[{"name":"wp","href":"https:\/\/api.w.org\/{rel}","templated":true}]}}