{"id":403841,"date":"2016-06-14T16:41:29","date_gmt":"2016-06-14T22:41:29","guid":{"rendered":"http:\/\/www.futboltotal.com.mx\/?p=403841"},"modified":"2016-06-14T16:41:29","modified_gmt":"2016-06-14T22:41:29","slug":"los-dt-mejor-pagados-la-eurocopa","status":"publish","type":"post","link":"http:\/\/desarrollo.grupomedios.com\/futbol\/futbol-internacional\/los-dt-mejor-pagados-la-eurocopa\/2016\/06","title":{"rendered":"Los DT mejor pagados de la Eurocopa"},"content":{"rendered":"<p>La <strong>Eurocopa<\/strong> ha reunido a las mejores selecciones del futbol europeo para disputar una nueva edici\u00f3n en Francia. En ella se presentan tambi\u00e9n algunos de los mejores t\u00e9cnicos, incluyendo al Campe\u00f3n del Mundo, el alem\u00e1n Joachim\u00a0L\u00f6w.<\/p>\n<p>A pesar de que en el Mundial de Brasil 2014 se proclam\u00f3 como el mejor del mundo, el seleccionador del conjunto teut\u00f3n no es el que mejor paga recibe por comandar a su pa\u00eds.<\/p>\n<p>Aqu\u00ed te dejamos a los mejores DT pagados de la <strong>Eurocopa 2016.<\/strong><\/p>\n<p><img decoding=\"async\" loading=\"lazy\" class=\"alignnone size-full wp-image-403844\" src=\"http:\/\/www.futboltotal.com.mx\/wp-content\/uploads\/2016\/06\/tecnicosmejorpagados-1.jpg\" alt=\"tecnicosmejorpagados (1)\" srcset=\"http:\/\/desarrollo.grupomedios.com\/futbol\/wp-content\/uploads\/2016\/06\/tecnicosmejorpagados-1.jpg 858w, http:\/\/desarrollo.grupomedios.com\/futbol\/wp-content\/uploads\/2016\/06\/tecnicosmejorpagados-1-184x300.jpg 184w, http:\/\/desarrollo.grupomedios.com\/futbol\/wp-content\/uploads\/2016\/06\/tecnicosmejorpagados-1-768x1251.jpg 768w, http:\/\/desarrollo.grupomedios.com\/futbol\/wp-content\/uploads\/2016\/06\/tecnicosmejorpagados-1-628x1024.jpg 628w\" sizes=\"(max-width: 858px) 100vw, 858px\" \/><\/p>\n<p>&nbsp;<\/p>\n","protected":false},"excerpt":{"rendered":"<p>Sobresale que el Campe\u00f3n del Mundo NO es el mejor pagado<\/p>\n","protected":false},"author":20,"featured_media":403846,"comment_status":"closed","ping_status":"closed","sticky":false,"template":"","format":"standard","meta":[],"categories":[6995,3839,6999,5951],"tags":[2723,6152,7190],"_links":{"self":[{"href":"http:\/\/desarrollo.grupomedios.com\/futbol\/wp-json\/wp\/v2\/posts\/403841"}],"collection":[{"href":"http:\/\/desarrollo.grupomedios.com\/futbol\/wp-json\/wp\/v2\/posts"}],"about":[{"href":"http:\/\/desarrollo.grupomedios.com\/futbol\/wp-json\/wp\/v2\/types\/post"}],"author":[{"embeddable":true,"href":"http:\/\/desarrollo.grupomedios.com\/futbol\/wp-json\/wp\/v2\/users\/20"}],"replies":[{"embeddable":true,"href":"http:\/\/desarrollo.grupomedios.com\/futbol\/wp-json\/wp\/v2\/comments?post=403841"}],"version-history":[{"count":0,"href":"http:\/\/desarrollo.grupomedios.com\/futbol\/wp-json\/wp\/v2\/posts\/403841\/revisions"}],"wp:featuredmedia":[{"embeddable":true,"href":"http:\/\/desarrollo.grupomedios.com\/futbol\/wp-json\/wp\/v2\/media\/403846"}],"wp:attachment":[{"href":"http:\/\/desarrollo.grupomedios.com\/futbol\/wp-json\/wp\/v2\/media?parent=403841"}],"wp:term":[{"taxonomy":"category","embeddable":true,"href":"http:\/\/desarrollo.grupomedios.com\/futbol\/wp-json\/wp\/v2\/categories?post=403841"},{"taxonomy":"post_tag","embeddable":true,"href":"http:\/\/desarrollo.grupomedios.com\/futbol\/wp-json\/wp\/v2\/tags?post=403841"}],"curies":[{"name":"wp","href":"https:\/\/api.w.org\/{rel}","templated":true}]}}