{"id":403847,"date":"2016-06-15T07:00:09","date_gmt":"2016-06-15T13:00:09","guid":{"rendered":"http:\/\/www.futboltotal.com.mx\/?p=403847"},"modified":"2016-06-15T08:16:59","modified_gmt":"2016-06-15T14:16:59","slug":"chicas-eurocopa-vs-copa-america-las-cantantes-shakira-vs-alizee","status":"publish","type":"post","link":"http:\/\/desarrollo.grupomedios.com\/futbol\/galerias\/chicas-eurocopa-vs-copa-america-las-cantantes-shakira-vs-alizee\/2016\/06","title":{"rendered":"Copa Am\u00e9rica vs. Euro | Las cantantes"},"content":{"rendered":"<p>Lleg\u00f3 la semana que todos esperaban, aquella del a\u00f1o donde al fin se empalman las dos competencias m\u00e1s esperadas de 2016: la <strong>Copa Am\u00e9rica<\/strong> y la <strong>Eurocopa<\/strong>, dos torneos que son comparados por el nivel y la cantidad de figuras que aparecen en ellas.<\/p>\n<p>Evidentemente hay contrastes entre ambos cert\u00e1menes, por eso lleg\u00f3 el momento de llevar la comparaci\u00f3n a otro nivel, al presentar a las bellezas que apoyan a las selecciones de cada uno de los torneos.<\/p>\n<p style=\"text-align: center;\"><span style=\"color: #3366ff;\"><strong><a style=\"color: #3366ff;\" href=\"http:\/\/www.futboltotal.com.mx\/2016\/06\/chicas-eurocopa-vs-copa-america-las-anfitrionas-abigail-ratchford-vs-clara-morgane\/\" target=\"_blank\">LEER M\u00c1S: Copa Am\u00e9rica vs. Euro | Las anfitrionas<\/a><\/strong><\/span><\/p>\n<p>En esta ocasi\u00f3n, colocamos una galer\u00eda de las cantantes, aquellas mujeres dedicadas a la m\u00fasica, representativas de Colombia y Francia. <strong>Shakira<\/strong> compatriota del combinado que compite en la <strong>Copa Am\u00e9rica<\/strong>, y <strong>Alizee<\/strong>, del de la <strong>Eurocopa<\/strong>.<\/p>\n<p>\u00bfQui\u00e9n les gusta m\u00e1s, <em>cracks<\/em>?<\/p>\n<div id=\"galleryUZU\" style=\"display:none;\"><img alt=\"Alizee\" src=\"http:\/\/desarrollo.grupomedios.com\/futbol\/wp-content\/uploads\/2016\/06\/chicas-copa-america-vs-euro-cantantes-alizee-1.jpg\" data-image=\"http:\/\/desarrollo.grupomedios.com\/futbol\/wp-content\/uploads\/2016\/06\/chicas-copa-america-vs-euro-cantantes-alizee-1.jpg\" data-description=\"chicas-copa-america-vs-euro-cantantes-alizee-1\"><img alt=\"\" src=\"http:\/\/desarrollo.grupomedios.com\/futbol\/wp-content\/uploads\/2016\/06\/chicas-copa-america-vs-euro-cantantes-alizee-2.jpg\" data-image=\"http:\/\/desarrollo.grupomedios.com\/futbol\/wp-content\/uploads\/2016\/06\/chicas-copa-america-vs-euro-cantantes-alizee-2.jpg\" data-description=\"chicas-copa-america-vs-euro-cantantes-alizee-2\"><img alt=\"\" src=\"http:\/\/desarrollo.grupomedios.com\/futbol\/wp-content\/uploads\/2016\/06\/chicas-copa-america-vs-euro-cantantes-alizee-3.jpg\" data-image=\"http:\/\/desarrollo.grupomedios.com\/futbol\/wp-content\/uploads\/2016\/06\/chicas-copa-america-vs-euro-cantantes-alizee-3.jpg\" data-description=\"chicas-copa-america-vs-euro-cantantes-alizee-3\"><img alt=\"\" src=\"http:\/\/desarrollo.grupomedios.com\/futbol\/wp-content\/uploads\/2016\/06\/chicas-copa-america-vs-euro-cantantes-alizee-4.jpg\" data-image=\"http:\/\/desarrollo.grupomedios.com\/futbol\/wp-content\/uploads\/2016\/06\/chicas-copa-america-vs-euro-cantantes-alizee-4.jpg\" data-description=\"chicas-copa-america-vs-euro-cantantes-alizee-4\"><img alt=\"\" src=\"http:\/\/desarrollo.grupomedios.com\/futbol\/wp-content\/uploads\/2016\/06\/chicas-copa-america-vs-euro-cantantes-alizee.jpg\" data-image=\"http:\/\/desarrollo.grupomedios.com\/futbol\/wp-content\/uploads\/2016\/06\/chicas-copa-america-vs-euro-cantantes-alizee.jpg\" data-description=\"chicas-copa-america-vs-euro-cantantes-alizee\"><img alt=\"Shakira\" src=\"http:\/\/desarrollo.grupomedios.com\/futbol\/wp-content\/uploads\/2016\/06\/chicas-copa-america-vs-euro-cantantes-chakira-2.jpg\" data-image=\"http:\/\/desarrollo.grupomedios.com\/futbol\/wp-content\/uploads\/2016\/06\/chicas-copa-america-vs-euro-cantantes-chakira-2.jpg\" data-description=\"chicas-copa-america-vs-euro-cantantes-chakira-2\"><img alt=\"\" src=\"http:\/\/desarrollo.grupomedios.com\/futbol\/wp-content\/uploads\/2016\/06\/chicas-copa-america-vs-euro-cantantes-shakira-1.jpg\" data-image=\"http:\/\/desarrollo.grupomedios.com\/futbol\/wp-content\/uploads\/2016\/06\/chicas-copa-america-vs-euro-cantantes-shakira-1.jpg\" data-description=\"chicas-copa-america-vs-euro-cantantes-shakira-1\"><img alt=\"\" src=\"http:\/\/desarrollo.grupomedios.com\/futbol\/wp-content\/uploads\/2016\/06\/chicas-copa-america-vs-euro-cantantes-shakira-3.jpg\" data-image=\"http:\/\/desarrollo.grupomedios.com\/futbol\/wp-content\/uploads\/2016\/06\/chicas-copa-america-vs-euro-cantantes-shakira-3.jpg\" data-description=\"chicas-copa-america-vs-euro-cantantes-shakira-3\"><img alt=\"\" src=\"http:\/\/desarrollo.grupomedios.com\/futbol\/wp-content\/uploads\/2016\/06\/chicas-copa-america-vs-euro-cantantes-shakira-4.jpg\" data-image=\"http:\/\/desarrollo.grupomedios.com\/futbol\/wp-content\/uploads\/2016\/06\/chicas-copa-america-vs-euro-cantantes-shakira-4.jpg\" data-description=\"chicas-copa-america-vs-euro-cantantes-shakira-4\"><img alt=\"\" src=\"http:\/\/desarrollo.grupomedios.com\/futbol\/wp-content\/uploads\/2016\/06\/chicas-copa-america-vs-euro-cantantes-shakira.jpg\" data-image=\"http:\/\/desarrollo.grupomedios.com\/futbol\/wp-content\/uploads\/2016\/06\/chicas-copa-america-vs-euro-cantantes-shakira.jpg\" data-description=\"chicas-copa-america-vs-euro-cantantes-shakira\"><\/div>\n        <script>\n        \/\/galeria 1\n        jQuery(document).ready(function(){ \n            var api;\n            api = jQuery(\"#galleryUZU\").unitegallery({\n                carousel_autoplay: false\n            }); \n        });\n        <\/script>\n        \n","protected":false},"excerpt":{"rendered":"<p>Shakira de Colombia vs. Alizee de Francia<\/p>\n","protected":false},"author":20,"featured_media":403862,"comment_status":"closed","ping_status":"closed","sticky":false,"template":"","format":"standard","meta":[],"categories":[6408,5422,6950,6995,6955,6997,3],"tags":[2033,2130,2236],"_links":{"self":[{"href":"http:\/\/desarrollo.grupomedios.com\/futbol\/wp-json\/wp\/v2\/posts\/403847"}],"collection":[{"href":"http:\/\/desarrollo.grupomedios.com\/futbol\/wp-json\/wp\/v2\/posts"}],"about":[{"href":"http:\/\/desarrollo.grupomedios.com\/futbol\/wp-json\/wp\/v2\/types\/post"}],"author":[{"embeddable":true,"href":"http:\/\/desarrollo.grupomedios.com\/futbol\/wp-json\/wp\/v2\/users\/20"}],"replies":[{"embeddable":true,"href":"http:\/\/desarrollo.grupomedios.com\/futbol\/wp-json\/wp\/v2\/comments?post=403847"}],"version-history":[{"count":0,"href":"http:\/\/desarrollo.grupomedios.com\/futbol\/wp-json\/wp\/v2\/posts\/403847\/revisions"}],"wp:featuredmedia":[{"embeddable":true,"href":"http:\/\/desarrollo.grupomedios.com\/futbol\/wp-json\/wp\/v2\/media\/403862"}],"wp:attachment":[{"href":"http:\/\/desarrollo.grupomedios.com\/futbol\/wp-json\/wp\/v2\/media?parent=403847"}],"wp:term":[{"taxonomy":"category","embeddable":true,"href":"http:\/\/desarrollo.grupomedios.com\/futbol\/wp-json\/wp\/v2\/categories?post=403847"},{"taxonomy":"post_tag","embeddable":true,"href":"http:\/\/desarrollo.grupomedios.com\/futbol\/wp-json\/wp\/v2\/tags?post=403847"}],"curies":[{"name":"wp","href":"https:\/\/api.w.org\/{rel}","templated":true}]}}