{"id":403861,"date":"2016-06-15T07:01:59","date_gmt":"2016-06-15T13:01:59","guid":{"rendered":"http:\/\/www.futboltotal.com.mx\/?p=403861"},"modified":"2016-06-15T08:24:40","modified_gmt":"2016-06-15T14:24:40","slug":"chicas-eurocopa-vs-copa-america-las-jovenes-belinda-vs-emma-watson","status":"publish","type":"post","link":"http:\/\/desarrollo.grupomedios.com\/futbol\/galerias\/chicas-eurocopa-vs-copa-america-las-jovenes-belinda-vs-emma-watson\/2016\/06","title":{"rendered":"Copa Am\u00e9rica vs. Euro | Las m\u00e1s j\u00f3venes"},"content":{"rendered":"<p>Lleg\u00f3 la semana que todos esperaban, aquella del a\u00f1o donde al fin se empalman las dos competencias m\u00e1s esperadas de 2016: la <strong>Copa Am\u00e9rica<\/strong> y la <strong>Eurocopa<\/strong>, dos torneos que son comparados por el nivel y la cantidad de figuras que aparecen en ellas.<\/p>\n<p>Evidentemente hay contrastes entre ambos cert\u00e1menes, por eso lleg\u00f3 el momento de llevar la comparaci\u00f3n a otro nivel, al presentar a las bellezas que apoyan a las selecciones de cada uno de los torneos.<\/p>\n<p style=\"text-align: center;\"><span style=\"color: #3366ff;\"><strong><a style=\"color: #3366ff;\" href=\"http:\/\/www.futboltotal.com.mx\/2016\/06\/chicas-eurocopa-vs-copa-america-las-consagradas-dorismar-vs-heidi-klum\/\" target=\"_blank\">LEER M\u00c1S: Copa Am\u00e9rica vs. Euro | Las consagradas<\/a><\/strong><\/span><\/p>\n<p>En esta ocasi\u00f3n, colocamos una galer\u00eda de las m\u00e1s j\u00f3venes, es decir, artistas de 26 a\u00f1os, nacidas en pa\u00edses que compiten en la <strong>Copa Am\u00e9rica<\/strong> y en la <strong>Eurocopa<\/strong>, respectivamente. La mexico-espa\u00f1ola\u00a0<strong>Belinda<\/strong>, y <strong>Emma Watson<\/strong>, tambi\u00e9n con doble nacionalidad: franco-inglesa<\/p>\n<p>\u00bfQui\u00e9n les gusta m\u00e1s, <em>cracks<\/em>?<\/p>\n<div id=\"galleryZMM\" style=\"display:none;\"><img alt=\"Belinda\" src=\"http:\/\/desarrollo.grupomedios.com\/futbol\/wp-content\/uploads\/2016\/06\/chicas-copa-america-vs-euro-jovenes-belinda-1.jpg\" data-image=\"http:\/\/desarrollo.grupomedios.com\/futbol\/wp-content\/uploads\/2016\/06\/chicas-copa-america-vs-euro-jovenes-belinda-1.jpg\" data-description=\"chicas-copa-america-vs-euro-jovenes-belinda-1\"><img alt=\"\" src=\"http:\/\/desarrollo.grupomedios.com\/futbol\/wp-content\/uploads\/2016\/06\/chicas-copa-america-vs-euro-jovenes-belinda-2.jpg\" data-image=\"http:\/\/desarrollo.grupomedios.com\/futbol\/wp-content\/uploads\/2016\/06\/chicas-copa-america-vs-euro-jovenes-belinda-2.jpg\" data-description=\"chicas-copa-america-vs-euro-jovenes-belinda-2\"><img alt=\"\" src=\"http:\/\/desarrollo.grupomedios.com\/futbol\/wp-content\/uploads\/2016\/06\/chicas-copa-america-vs-euro-jovenes-belinda-3.jpg\" data-image=\"http:\/\/desarrollo.grupomedios.com\/futbol\/wp-content\/uploads\/2016\/06\/chicas-copa-america-vs-euro-jovenes-belinda-3.jpg\" data-description=\"chicas-copa-america-vs-euro-jovenes-belinda-3\"><img alt=\"\" src=\"http:\/\/desarrollo.grupomedios.com\/futbol\/wp-content\/uploads\/2016\/06\/chicas-copa-america-vs-euro-jovenes-belinda-4.jpg\" data-image=\"http:\/\/desarrollo.grupomedios.com\/futbol\/wp-content\/uploads\/2016\/06\/chicas-copa-america-vs-euro-jovenes-belinda-4.jpg\" data-description=\"chicas-copa-america-vs-euro-jovenes-belinda-4\"><img alt=\"\" src=\"http:\/\/desarrollo.grupomedios.com\/futbol\/wp-content\/uploads\/2016\/06\/chicas-copa-america-vs-euro-jovenes-belinda.jpg\" data-image=\"http:\/\/desarrollo.grupomedios.com\/futbol\/wp-content\/uploads\/2016\/06\/chicas-copa-america-vs-euro-jovenes-belinda.jpg\" data-description=\"chicas-copa-america-vs-euro-jovenes-belinda\"><img alt=\"Emma Watson\" src=\"http:\/\/desarrollo.grupomedios.com\/futbol\/wp-content\/uploads\/2016\/06\/chicas-copa-america-vs-euro-jovenes-emma-watson-1.jpg\" data-image=\"http:\/\/desarrollo.grupomedios.com\/futbol\/wp-content\/uploads\/2016\/06\/chicas-copa-america-vs-euro-jovenes-emma-watson-1.jpg\" data-description=\"chicas-copa-america-vs-euro-jovenes-emma-watson-1\"><img alt=\"\" src=\"http:\/\/desarrollo.grupomedios.com\/futbol\/wp-content\/uploads\/2016\/06\/chicas-copa-america-vs-euro-jovenes-emma-watson-2.jpg\" data-image=\"http:\/\/desarrollo.grupomedios.com\/futbol\/wp-content\/uploads\/2016\/06\/chicas-copa-america-vs-euro-jovenes-emma-watson-2.jpg\" data-description=\"chicas-copa-america-vs-euro-jovenes-emma-watson-2\"><img alt=\"\" src=\"http:\/\/desarrollo.grupomedios.com\/futbol\/wp-content\/uploads\/2016\/06\/chicas-copa-america-vs-euro-jovenes-emma-watson-3.jpg\" data-image=\"http:\/\/desarrollo.grupomedios.com\/futbol\/wp-content\/uploads\/2016\/06\/chicas-copa-america-vs-euro-jovenes-emma-watson-3.jpg\" data-description=\"chicas-copa-america-vs-euro-jovenes-emma-watson-3\"><img alt=\"\" src=\"http:\/\/desarrollo.grupomedios.com\/futbol\/wp-content\/uploads\/2016\/06\/chicas-copa-america-vs-euro-jovenes-emma-watson-4.jpg\" data-image=\"http:\/\/desarrollo.grupomedios.com\/futbol\/wp-content\/uploads\/2016\/06\/chicas-copa-america-vs-euro-jovenes-emma-watson-4.jpg\" data-description=\"chicas-copa-america-vs-euro-jovenes-emma-watson-4\"><img alt=\"\" src=\"http:\/\/desarrollo.grupomedios.com\/futbol\/wp-content\/uploads\/2016\/06\/chicas-copa-america-vs-euro-jovenes-emma-watson.jpg\" data-image=\"http:\/\/desarrollo.grupomedios.com\/futbol\/wp-content\/uploads\/2016\/06\/chicas-copa-america-vs-euro-jovenes-emma-watson.jpg\" data-description=\"chicas-copa-america-vs-euro-jovenes-emma-watson\"><\/div>\n        <script>\n        \/\/galeria 1\n        jQuery(document).ready(function(){ \n            var api;\n            api = jQuery(\"#galleryZMM\").unitegallery({\n                carousel_autoplay: false\n            }); \n        });\n        <\/script>\n        \n","protected":false},"excerpt":{"rendered":"<p>Belinda de M\u00e9xico vs. Emma Watson de Inglaterra<\/p>\n","protected":false},"author":20,"featured_media":403877,"comment_status":"closed","ping_status":"closed","sticky":false,"template":"","format":"standard","meta":[],"categories":[6408,5422,6950,6995,6955,6997,3],"tags":[2033,2130,2236],"_links":{"self":[{"href":"http:\/\/desarrollo.grupomedios.com\/futbol\/wp-json\/wp\/v2\/posts\/403861"}],"collection":[{"href":"http:\/\/desarrollo.grupomedios.com\/futbol\/wp-json\/wp\/v2\/posts"}],"about":[{"href":"http:\/\/desarrollo.grupomedios.com\/futbol\/wp-json\/wp\/v2\/types\/post"}],"author":[{"embeddable":true,"href":"http:\/\/desarrollo.grupomedios.com\/futbol\/wp-json\/wp\/v2\/users\/20"}],"replies":[{"embeddable":true,"href":"http:\/\/desarrollo.grupomedios.com\/futbol\/wp-json\/wp\/v2\/comments?post=403861"}],"version-history":[{"count":0,"href":"http:\/\/desarrollo.grupomedios.com\/futbol\/wp-json\/wp\/v2\/posts\/403861\/revisions"}],"wp:featuredmedia":[{"embeddable":true,"href":"http:\/\/desarrollo.grupomedios.com\/futbol\/wp-json\/wp\/v2\/media\/403877"}],"wp:attachment":[{"href":"http:\/\/desarrollo.grupomedios.com\/futbol\/wp-json\/wp\/v2\/media?parent=403861"}],"wp:term":[{"taxonomy":"category","embeddable":true,"href":"http:\/\/desarrollo.grupomedios.com\/futbol\/wp-json\/wp\/v2\/categories?post=403861"},{"taxonomy":"post_tag","embeddable":true,"href":"http:\/\/desarrollo.grupomedios.com\/futbol\/wp-json\/wp\/v2\/tags?post=403861"}],"curies":[{"name":"wp","href":"https:\/\/api.w.org\/{rel}","templated":true}]}}